{"id":7107,"date":"2019-08-23T17:30:37","date_gmt":"2019-08-23T23:30:37","guid":{"rendered":"http:\/\/gobernacionaltaverapaz.gob.gt\/?p=7107"},"modified":"2019-08-26T12:17:43","modified_gmt":"2019-08-26T18:17:43","slug":"41-aniversario-del-centro-de-atencin-integral","status":"publish","type":"post","link":"https:\/\/gobernacionaltaverapaz.gob.gt\/?p=7107","title":{"rendered":"41 Aniversario del Centro de Atenci\u00f3n Integral"},"content":{"rendered":"<p style=\"text-align: justify;\">Secretaria de Bienestar Social de la Presidencia de la Republica, en festejo a su 41 aniversario del Centro de Atenci\u00f3n Integral -CAI- Cob\u00e1n, se realiz\u00f3 alborada y actividades para celebrar este d\u00eda especial.<\/p>\n<p style=\"text-align: justify;\">Licda. Claudia M. Ram\u00edrez Paredes, Directora, expreso; &#8220;No tengo las palabras suficientes para agradecer, son muchas personas, quiero comenzar con el se\u00f1or Gobernador, el Licenciado Guerrero ha estado incon<span class=\"textexposedshow\">dicionalmente con nuestro -CAI- ha cre\u00eddo en este lugar, transformamos vidas construimos hombres y mujeres que Guatemala necesita&#8221;.<\/span><\/p>\n<p style=\"text-align: justify;\">En el acto se reconoci\u00f3 el apoyo brindado por; Lic. Selvin Vaides; <a href=\"https:\/\/www.facebook.com\/tecnologicocoban\/?fref=mentions&amp;__xts__%5B0%5D=68.ARAEf0lahIppCHoHZs5hJMQ79oKhwgXUXJM7M-RnhF-NYjbFMxwvP3lpjZZ0ZN8e111xFmGf7Qy8kt506MeATo2I1ooqJCYC1i_ymXeUNoTwwfhldIeNzAiWlxRWhTSvaY63yQdSctYHUkFPxERBMR35_3thRqoFZCit2rNNsEwmoXYCzvvc_CRQVxh8FJ4J4QIqoUHSpA2PfBhtOrl8vFYWJL4mkiU_Xwoj92KCDAo2qOXm0mxfai7n-P5l-gjKZWdKXO88pnrybZlX34O-ZKK6_HulQJw8i6gSq4PCGs14lNFfUgYFhe2HfmVD_TYMb1Gej1NRu-1zzl0r9Jg1i-c&amp;__tn__=K-R\" target=\"_blank\" rel=\"noopener\">Colegio Tecnol\u00f3gico En Inform\u00e1tica<\/a>; Gobernador Departamental, M.A. Erik Nolberto Guerrero Mili\u00e1n.<\/p>\n<div><\/div>\n","protected":false},"excerpt":{"rendered":"<p>Secretaria de Bienestar Social de la Presidencia de la Republica, en festejo a su 41 aniversario del Centro de Atenci\u00f3n Integral -CAI- Cob\u00e1n, se realiz\u00f3 alborada y actividades para celebrar este d\u00eda especial. Licda. Claudia M. Ram\u00edrez Paredes, Directora, expreso; &#8220;No tengo las palabras suficientes para agradecer, son muchas personas, quiero comenzar con el se\u00f1or [&hellip;]<\/p>\n","protected":false},"author":1,"featured_media":7124,"comment_status":"closed","ping_status":"open","sticky":false,"template":"","format":"gallery","meta":[],"categories":[183],"tags":[178],"_links":{"self":[{"href":"https:\/\/gobernacionaltaverapaz.gob.gt\/index.php?rest_route=\/wp\/v2\/posts\/7107"}],"collection":[{"href":"https:\/\/gobernacionaltaverapaz.gob.gt\/index.php?rest_route=\/wp\/v2\/posts"}],"about":[{"href":"https:\/\/gobernacionaltaverapaz.gob.gt\/index.php?rest_route=\/wp\/v2\/types\/post"}],"author":[{"embeddable":true,"href":"https:\/\/gobernacionaltaverapaz.gob.gt\/index.php?rest_route=\/wp\/v2\/users\/1"}],"replies":[{"embeddable":true,"href":"https:\/\/gobernacionaltaverapaz.gob.gt\/index.php?rest_route=%2Fwp%2Fv2%2Fcomments&post=7107"}],"version-history":[{"count":2,"href":"https:\/\/gobernacionaltaverapaz.gob.gt\/index.php?rest_route=\/wp\/v2\/posts\/7107\/revisions"}],"predecessor-version":[{"id":7127,"href":"https:\/\/gobernacionaltaverapaz.gob.gt\/index.php?rest_route=\/wp\/v2\/posts\/7107\/revisions\/7127"}],"wp:featuredmedia":[{"embeddable":true,"href":"https:\/\/gobernacionaltaverapaz.gob.gt\/index.php?rest_route=\/wp\/v2\/media\/7124"}],"wp:attachment":[{"href":"https:\/\/gobernacionaltaverapaz.gob.gt\/index.php?rest_route=%2Fwp%2Fv2%2Fmedia&parent=7107"}],"wp:term":[{"taxonomy":"category","embeddable":true,"href":"https:\/\/gobernacionaltaverapaz.gob.gt\/index.php?rest_route=%2Fwp%2Fv2%2Fcategories&post=7107"},{"taxonomy":"post_tag","embeddable":true,"href":"https:\/\/gobernacionaltaverapaz.gob.gt\/index.php?rest_route=%2Fwp%2Fv2%2Ftags&post=7107"}],"curies":[{"name":"wp","href":"https:\/\/api.w.org\/{rel}","templated":true}]}}