{"id":7128,"date":"2019-08-26T08:55:15","date_gmt":"2019-08-26T14:55:15","guid":{"rendered":"http:\/\/gobernacionaltaverapaz.gob.gt\/?p=7128"},"modified":"2019-08-26T12:21:48","modified_gmt":"2019-08-26T18:21:48","slug":"generando-futuro-2019","status":"publish","type":"post","link":"https:\/\/gobernacionaltaverapaz.gob.gt\/?p=7128","title":{"rendered":"Generando Futuro 2019"},"content":{"rendered":"<p style=\"text-align: justify;\">Gob. M.A. Erik Nolberto Guerrero Mili\u00e1n, participo en la conferencia; &#8220;Generando Futuro&#8221;, dirigido a j\u00f3venes emprendedores del Departamento de Alta Verapaz, impulsando la innovaci\u00f3n en: Emprendimiento, Tecnolog\u00eda y Pol\u00edtica.<\/p>\n<p style=\"text-align: justify;\">El objetivo es; buscar el intercambio de ideas y propuestas, para que Alta Verapaz sea un foco de desarrollo y un ejemplo de crecimiento, que se pueda replicar en cada rinc\u00f3n del pa\u00eds.<\/p>\n<p style=\"text-align: justify;\">Se cont\u00f3 con la participaci\u00f3n de l\u00edderes empresariales; Carmen Salguero, Mejoremos Guate; Lorena Bin de G\u00e1lvez, Ilifebelt; Isabel Heinemann, RH Consultor\u00edas; Juan Carlos Tefel, Presidente de CACIF.<\/p>\n<p style=\"text-align: justify;\">Con el apoyo de; <a href=\"https:\/\/www.facebook.com\/fundesaguatemala\/?fref=mentions&amp;__xts__%5B0%5D=68.ARCxlfCcfLW1VTjAyBcEQSsb2BdYpPmxNp-nDtlm42lzcZLdfqV5XIAazlAyIs9JTghzsRmloSO_OXpY25cZy2ObkuPgTN7q0YnoFdIGzg0MMqcyHylP0X02CGpREgOVOWKR9_J8qSFC4vwwBLj1I_3fdn2UagaLUQbVL6C84T30ufw363Pd7Z84vPLmMr0x_usMEDrZqnWhTxzeOx2ReBiDQyxMZsX1KTS0LdqKTwpxeCzVNSDliVLJJCQXUXz4UgrcGHjjXVl5uhxOX7TzgczFITmC0yO4jykQucr54BB4ZXl4uFkcX0Zmlrb3OD5mgB9AAwobFJocRnVmlC5yfL4&amp;__tn__=K-R\" target=\"_blank\" rel=\"noopener\">FUNDESA<\/a> y CACIF JOVEN.<\/p>\n<div><\/div>\n","protected":false},"excerpt":{"rendered":"<p>El objetivo es; buscar el intercambio de ideas y propuestas, para que Alta Verapaz sea un foco de desarrollo y un ejemplo de crecimiento, que se pueda replicar en cada rinc\u00f3n del pa\u00eds.<\/p>\n","protected":false},"author":1,"featured_media":7132,"comment_status":"closed","ping_status":"open","sticky":false,"template":"","format":"gallery","meta":[],"categories":[183],"tags":[178],"_links":{"self":[{"href":"https:\/\/gobernacionaltaverapaz.gob.gt\/index.php?rest_route=\/wp\/v2\/posts\/7128"}],"collection":[{"href":"https:\/\/gobernacionaltaverapaz.gob.gt\/index.php?rest_route=\/wp\/v2\/posts"}],"about":[{"href":"https:\/\/gobernacionaltaverapaz.gob.gt\/index.php?rest_route=\/wp\/v2\/types\/post"}],"author":[{"embeddable":true,"href":"https:\/\/gobernacionaltaverapaz.gob.gt\/index.php?rest_route=\/wp\/v2\/users\/1"}],"replies":[{"embeddable":true,"href":"https:\/\/gobernacionaltaverapaz.gob.gt\/index.php?rest_route=%2Fwp%2Fv2%2Fcomments&post=7128"}],"version-history":[{"count":2,"href":"https:\/\/gobernacionaltaverapaz.gob.gt\/index.php?rest_route=\/wp\/v2\/posts\/7128\/revisions"}],"predecessor-version":[{"id":7143,"href":"https:\/\/gobernacionaltaverapaz.gob.gt\/index.php?rest_route=\/wp\/v2\/posts\/7128\/revisions\/7143"}],"wp:featuredmedia":[{"embeddable":true,"href":"https:\/\/gobernacionaltaverapaz.gob.gt\/index.php?rest_route=\/wp\/v2\/media\/7132"}],"wp:attachment":[{"href":"https:\/\/gobernacionaltaverapaz.gob.gt\/index.php?rest_route=%2Fwp%2Fv2%2Fmedia&parent=7128"}],"wp:term":[{"taxonomy":"category","embeddable":true,"href":"https:\/\/gobernacionaltaverapaz.gob.gt\/index.php?rest_route=%2Fwp%2Fv2%2Fcategories&post=7128"},{"taxonomy":"post_tag","embeddable":true,"href":"https:\/\/gobernacionaltaverapaz.gob.gt\/index.php?rest_route=%2Fwp%2Fv2%2Ftags&post=7128"}],"curies":[{"name":"wp","href":"https:\/\/api.w.org\/{rel}","templated":true}]}}