{"id":7152,"date":"2019-08-27T15:22:56","date_gmt":"2019-08-27T21:22:56","guid":{"rendered":"http:\/\/gobernacionaltaverapaz.gob.gt\/?p=7152"},"modified":"2019-08-28T08:27:21","modified_gmt":"2019-08-28T14:27:21","slug":"conferencia-de-prensa-da-internacional-de-la-juventud-2019","status":"publish","type":"post","link":"https:\/\/gobernacionaltaverapaz.gob.gt\/?p=7152","title":{"rendered":"Conferencia de Prensa, D\u00eda Internacional de la Juventud 2019"},"content":{"rendered":"<p style=\"text-align: justify;\">Gob. M.A. Erik Nolberto Guerrero Mili\u00e1n particip\u00f3 en la conferencia de prensa, para dar a conocer las actividades del 29 de Agosto del presente a\u00f1o, donde se conmemorar\u00e1 el D\u00eda Internacional de la Juventud, denominado; &#8220;II Festival Pluricultural de la Juventud&#8221;.<\/p>\n<p style=\"text-align: justify;\">Todo ello con el objetivo de; fortalecer a la juventud en tem\u00e1tica que desconocen y puedan fomentarlo en los diferentes \u00e1mbitos, con ello ser j\u00f3ve<span class=\"textexposedshow\">nes l\u00edderes empoderados.<\/span><\/p>\n<p style=\"text-align: justify;\">Para el d\u00eda se contara con actos protocolarios y mensajes alusivos a dicha fecha, stands por parte de las OG y ONGs, participaci\u00f3n de Amigos de la Marimba, grupos culturales y banda sinf\u00f3nica MICUDE.<\/p>\n<p style=\"text-align: justify;\">Presentes; APROFAM, Refugio de la Ni\u00f1ez, Comisi\u00f3n de la Ni\u00f1ez y Adolescencia, Gobernaci\u00f3n Departamental, Ministerio de Desarrollo Social, MAGA, CONADI, Tula Salud, \u00c1rea de Salud, INE, Ejercito de Guatemala Reservas Militares, entre otros.<\/p>\n<div><\/div>\n","protected":false},"excerpt":{"rendered":"<p>Con el objetivo de; fortalecer a la juventud en tem\u00e1tica que desconocen y puedan fomentarlo en los diferentes \u00e1mbitos, con ello ser j\u00f3venes l\u00edderes empoderados.<\/p>\n","protected":false},"author":1,"featured_media":7154,"comment_status":"closed","ping_status":"open","sticky":false,"template":"","format":"gallery","meta":[],"categories":[183],"tags":[178],"_links":{"self":[{"href":"https:\/\/gobernacionaltaverapaz.gob.gt\/index.php?rest_route=\/wp\/v2\/posts\/7152"}],"collection":[{"href":"https:\/\/gobernacionaltaverapaz.gob.gt\/index.php?rest_route=\/wp\/v2\/posts"}],"about":[{"href":"https:\/\/gobernacionaltaverapaz.gob.gt\/index.php?rest_route=\/wp\/v2\/types\/post"}],"author":[{"embeddable":true,"href":"https:\/\/gobernacionaltaverapaz.gob.gt\/index.php?rest_route=\/wp\/v2\/users\/1"}],"replies":[{"embeddable":true,"href":"https:\/\/gobernacionaltaverapaz.gob.gt\/index.php?rest_route=%2Fwp%2Fv2%2Fcomments&post=7152"}],"version-history":[{"count":3,"href":"https:\/\/gobernacionaltaverapaz.gob.gt\/index.php?rest_route=\/wp\/v2\/posts\/7152\/revisions"}],"predecessor-version":[{"id":7163,"href":"https:\/\/gobernacionaltaverapaz.gob.gt\/index.php?rest_route=\/wp\/v2\/posts\/7152\/revisions\/7163"}],"wp:featuredmedia":[{"embeddable":true,"href":"https:\/\/gobernacionaltaverapaz.gob.gt\/index.php?rest_route=\/wp\/v2\/media\/7154"}],"wp:attachment":[{"href":"https:\/\/gobernacionaltaverapaz.gob.gt\/index.php?rest_route=%2Fwp%2Fv2%2Fmedia&parent=7152"}],"wp:term":[{"taxonomy":"category","embeddable":true,"href":"https:\/\/gobernacionaltaverapaz.gob.gt\/index.php?rest_route=%2Fwp%2Fv2%2Fcategories&post=7152"},{"taxonomy":"post_tag","embeddable":true,"href":"https:\/\/gobernacionaltaverapaz.gob.gt\/index.php?rest_route=%2Fwp%2Fv2%2Ftags&post=7152"}],"curies":[{"name":"wp","href":"https:\/\/api.w.org\/{rel}","templated":true}]}}