{"id":7221,"date":"2019-09-04T09:32:09","date_gmt":"2019-09-04T15:32:09","guid":{"rendered":"http:\/\/gobernacionaltaverapaz.gob.gt\/?p=7221"},"modified":"2019-09-06T11:48:09","modified_gmt":"2019-09-06T17:48:09","slug":"feria-inaugural-en-honor-la-natividad-de-la-virgen-mara","status":"publish","type":"post","link":"https:\/\/gobernacionaltaverapaz.gob.gt\/?p=7221","title":{"rendered":"Feria Inaugural en honor a la Natividad de la Virgen Mar\u00eda"},"content":{"rendered":"<p style=\"text-align: justify;\">Con la participaci\u00f3n aleg\u00f3rica, con 32 establecimientos educativos p\u00fablico y privados, acompa\u00f1ados de autoridades municipales y departamentales, reinas de bellezas del municipio, Dilcia Xol, Rabin\u2019Ajaw, salud, educaci\u00f3n, alcaldes auxiliares y elementos de seguridad.<\/p>\n<p style=\"text-align: justify;\">Gob. M.A. Erik Nolberto Guerrero Mili\u00e1n, quien expres\u00f3; \u201cEs de reconocer el esfuerzo de padres de familia y autoridades del municipio para ena<span class=\"textexposedshow\">ltecer esta feria inaugural, que hoy me han asignado este privilegio en representaci\u00f3n del Presidente de la Rep\u00fablica, con ello quiero hacerme acompa\u00f1ar de las autoridades y reinas de bellezas, para; \u00a1declarar solemnemente inaugurada la feria de Santa Mar\u00eda Cahab\u00f3n!\u201d.<\/span><\/p>\n<p style=\"text-align: justify;\">Este municipio fundado en 1543 y se encuentra ubicado en la regi\u00f3n noreste del departamento de Alta Verapaz, en la Rep\u00fablica de Guatemala.<\/p>\n<div><\/div>\n","protected":false},"excerpt":{"rendered":"<p>Con la participaci\u00f3n aleg\u00f3rica, con 32 establecimientos educativos p\u00fablico y privados<\/p>\n","protected":false},"author":1,"featured_media":7222,"comment_status":"closed","ping_status":"open","sticky":false,"template":"","format":"gallery","meta":[],"categories":[183],"tags":[178],"_links":{"self":[{"href":"https:\/\/gobernacionaltaverapaz.gob.gt\/index.php?rest_route=\/wp\/v2\/posts\/7221"}],"collection":[{"href":"https:\/\/gobernacionaltaverapaz.gob.gt\/index.php?rest_route=\/wp\/v2\/posts"}],"about":[{"href":"https:\/\/gobernacionaltaverapaz.gob.gt\/index.php?rest_route=\/wp\/v2\/types\/post"}],"author":[{"embeddable":true,"href":"https:\/\/gobernacionaltaverapaz.gob.gt\/index.php?rest_route=\/wp\/v2\/users\/1"}],"replies":[{"embeddable":true,"href":"https:\/\/gobernacionaltaverapaz.gob.gt\/index.php?rest_route=%2Fwp%2Fv2%2Fcomments&post=7221"}],"version-history":[{"count":2,"href":"https:\/\/gobernacionaltaverapaz.gob.gt\/index.php?rest_route=\/wp\/v2\/posts\/7221\/revisions"}],"predecessor-version":[{"id":7245,"href":"https:\/\/gobernacionaltaverapaz.gob.gt\/index.php?rest_route=\/wp\/v2\/posts\/7221\/revisions\/7245"}],"wp:featuredmedia":[{"embeddable":true,"href":"https:\/\/gobernacionaltaverapaz.gob.gt\/index.php?rest_route=\/wp\/v2\/media\/7222"}],"wp:attachment":[{"href":"https:\/\/gobernacionaltaverapaz.gob.gt\/index.php?rest_route=%2Fwp%2Fv2%2Fmedia&parent=7221"}],"wp:term":[{"taxonomy":"category","embeddable":true,"href":"https:\/\/gobernacionaltaverapaz.gob.gt\/index.php?rest_route=%2Fwp%2Fv2%2Fcategories&post=7221"},{"taxonomy":"post_tag","embeddable":true,"href":"https:\/\/gobernacionaltaverapaz.gob.gt\/index.php?rest_route=%2Fwp%2Fv2%2Ftags&post=7221"}],"curies":[{"name":"wp","href":"https:\/\/api.w.org\/{rel}","templated":true}]}}