{"id":7246,"date":"2019-09-05T14:49:44","date_gmt":"2019-09-05T20:49:44","guid":{"rendered":"http:\/\/gobernacionaltaverapaz.gob.gt\/?p=7246"},"modified":"2019-09-06T11:57:56","modified_gmt":"2019-09-06T17:57:56","slug":"ampliacin-de-la-escuela-primaria-oficial-urbana-mixta-juan-veliz-jurez","status":"publish","type":"post","link":"https:\/\/gobernacionaltaverapaz.gob.gt\/?p=7246","title":{"rendered":"Ampliaci\u00f3n de la Escuela Primaria Oficial Urbana Mixta Juan Veliz Ju\u00e1rez"},"content":{"rendered":"<p style=\"text-align: justify;\">Con un avance f\u00edsico del 100% al proyecto de, &#8220;Ampliaci\u00f3n de la Escuela Primaria Oficial Urbana Mixta Juan Veliz Ju\u00e1rez&#8221;, Gobernador Departamental, M.A. Erik Nolberto Guerrero Mili\u00e1n, realizo la entrega de proyecto que contempla 4 aulas, el mismo fue ejecutado con fondos de municipales y Consejo Departamental de Desarrollo y se contemplaba como obra de arras<span class=\"textexposedshow\">tre.<\/span><\/p>\n<p style=\"text-align: justify;\">La escuela alberga 876 alumnos con 32 docentes, en los nuevos ambientes estar\u00e1n en aproximaci\u00f3n de 35 estudiantes por ambiente, en totalidad tendr\u00e1n 26 aulas habilitadas, con ello brindar una educaci\u00f3n digna y generar mayor oportunidad de ense\u00f1anza.<\/p>\n<p style=\"text-align: justify;\">Presentes; Municipalidad de Cahab\u00f3n, CTA de Cahab\u00f3n, Catedr\u00e1ticos y Gobernador Departamental.<\/p>\n<div><\/div>\n","protected":false},"excerpt":{"rendered":"<p>Entrega de proyecto que contempla 4 aulas, el mismo fue ejecutado con fondos de municipales y Consejo Departamental de Desarrollo y se contemplaba como obra de arrastre.<\/p>\n","protected":false},"author":1,"featured_media":7252,"comment_status":"closed","ping_status":"open","sticky":false,"template":"","format":"gallery","meta":[],"categories":[2],"tags":[178],"_links":{"self":[{"href":"https:\/\/gobernacionaltaverapaz.gob.gt\/index.php?rest_route=\/wp\/v2\/posts\/7246"}],"collection":[{"href":"https:\/\/gobernacionaltaverapaz.gob.gt\/index.php?rest_route=\/wp\/v2\/posts"}],"about":[{"href":"https:\/\/gobernacionaltaverapaz.gob.gt\/index.php?rest_route=\/wp\/v2\/types\/post"}],"author":[{"embeddable":true,"href":"https:\/\/gobernacionaltaverapaz.gob.gt\/index.php?rest_route=\/wp\/v2\/users\/1"}],"replies":[{"embeddable":true,"href":"https:\/\/gobernacionaltaverapaz.gob.gt\/index.php?rest_route=%2Fwp%2Fv2%2Fcomments&post=7246"}],"version-history":[{"count":2,"href":"https:\/\/gobernacionaltaverapaz.gob.gt\/index.php?rest_route=\/wp\/v2\/posts\/7246\/revisions"}],"predecessor-version":[{"id":7260,"href":"https:\/\/gobernacionaltaverapaz.gob.gt\/index.php?rest_route=\/wp\/v2\/posts\/7246\/revisions\/7260"}],"wp:featuredmedia":[{"embeddable":true,"href":"https:\/\/gobernacionaltaverapaz.gob.gt\/index.php?rest_route=\/wp\/v2\/media\/7252"}],"wp:attachment":[{"href":"https:\/\/gobernacionaltaverapaz.gob.gt\/index.php?rest_route=%2Fwp%2Fv2%2Fmedia&parent=7246"}],"wp:term":[{"taxonomy":"category","embeddable":true,"href":"https:\/\/gobernacionaltaverapaz.gob.gt\/index.php?rest_route=%2Fwp%2Fv2%2Fcategories&post=7246"},{"taxonomy":"post_tag","embeddable":true,"href":"https:\/\/gobernacionaltaverapaz.gob.gt\/index.php?rest_route=%2Fwp%2Fv2%2Ftags&post=7246"}],"curies":[{"name":"wp","href":"https:\/\/api.w.org\/{rel}","templated":true}]}}