{"id":7276,"date":"2019-09-06T17:12:51","date_gmt":"2019-09-06T23:12:51","guid":{"rendered":"http:\/\/gobernacionaltaverapaz.gob.gt\/?p=7276"},"modified":"2019-09-09T08:33:34","modified_gmt":"2019-09-09T14:33:34","slug":"mesa-de-dilogo-para-solucin-de-problemtica-con-vendedores","status":"publish","type":"post","link":"https:\/\/gobernacionaltaverapaz.gob.gt\/?p=7276","title":{"rendered":"Mesa de Di\u00e1logo para soluci\u00f3n de problem\u00e1tica con vendedores"},"content":{"rendered":"<p style=\"text-align: justify;\">Gob. M.A. Erik Nolberto Guerrero Mili\u00e1n, participo en la mesa de di\u00e1logo, con el fin de buscar soluciones a los vendedores ubicados en calles del municipio de San Crist\u00f3bal Verapaz.<\/p>\n<p style=\"text-align: justify;\">Para el mismo se presentaron antecedentes por parte de la municipalidad de procesos ya acordados con dichos vendedores los que no han procedido a liberar ciertas calles, representantes de ven<span class=\"textexposedshow\">dedores establecieron que se les buscara un lugar adecuado para la venta de sus productos.<\/span><\/p>\n<p style=\"text-align: justify;\">La municipalidad ceder\u00e1 de lugar y se tendr\u00e1n que trasladar de forma voluntaria al 2do. Nivel del mercado central, por lo que se les informo tener un plazo de d\u00edas ya acordados, de no trasladarse la municipalidad acompa\u00f1ada de instituciones de Gobierno proceder\u00e1n a trasladarlos.<\/p>\n<p style=\"text-align: justify;\">Presentes; Gobernaci\u00f3n Departamental, Municipalidad de San Crist\u00f3bal Verapaz, DEMI, CODISRA, PNC, PDH, PGN y representantes de vendedores.<\/p>\n<div><\/div>\n","protected":false},"excerpt":{"rendered":"<p>Con el fin de buscar soluciones a los vendedores ubicados en calles del municipio de San Crist\u00f3bal Verapaz.<\/p>\n","protected":false},"author":1,"featured_media":7277,"comment_status":"closed","ping_status":"open","sticky":false,"template":"","format":"gallery","meta":[],"categories":[185],"tags":[178],"_links":{"self":[{"href":"https:\/\/gobernacionaltaverapaz.gob.gt\/index.php?rest_route=\/wp\/v2\/posts\/7276"}],"collection":[{"href":"https:\/\/gobernacionaltaverapaz.gob.gt\/index.php?rest_route=\/wp\/v2\/posts"}],"about":[{"href":"https:\/\/gobernacionaltaverapaz.gob.gt\/index.php?rest_route=\/wp\/v2\/types\/post"}],"author":[{"embeddable":true,"href":"https:\/\/gobernacionaltaverapaz.gob.gt\/index.php?rest_route=\/wp\/v2\/users\/1"}],"replies":[{"embeddable":true,"href":"https:\/\/gobernacionaltaverapaz.gob.gt\/index.php?rest_route=%2Fwp%2Fv2%2Fcomments&post=7276"}],"version-history":[{"count":2,"href":"https:\/\/gobernacionaltaverapaz.gob.gt\/index.php?rest_route=\/wp\/v2\/posts\/7276\/revisions"}],"predecessor-version":[{"id":7287,"href":"https:\/\/gobernacionaltaverapaz.gob.gt\/index.php?rest_route=\/wp\/v2\/posts\/7276\/revisions\/7287"}],"wp:featuredmedia":[{"embeddable":true,"href":"https:\/\/gobernacionaltaverapaz.gob.gt\/index.php?rest_route=\/wp\/v2\/media\/7277"}],"wp:attachment":[{"href":"https:\/\/gobernacionaltaverapaz.gob.gt\/index.php?rest_route=%2Fwp%2Fv2%2Fmedia&parent=7276"}],"wp:term":[{"taxonomy":"category","embeddable":true,"href":"https:\/\/gobernacionaltaverapaz.gob.gt\/index.php?rest_route=%2Fwp%2Fv2%2Fcategories&post=7276"},{"taxonomy":"post_tag","embeddable":true,"href":"https:\/\/gobernacionaltaverapaz.gob.gt\/index.php?rest_route=%2Fwp%2Fv2%2Ftags&post=7276"}],"curies":[{"name":"wp","href":"https:\/\/api.w.org\/{rel}","templated":true}]}}