{"id":7288,"date":"2019-09-07T14:34:44","date_gmt":"2019-09-07T20:34:44","guid":{"rendered":"http:\/\/gobernacionaltaverapaz.gob.gt\/?p=7288"},"modified":"2019-09-09T08:50:03","modified_gmt":"2019-09-09T14:50:03","slug":"mesa-tcnica-de-seguridad-estado-de-sitio-alta-verapaz","status":"publish","type":"post","link":"https:\/\/gobernacionaltaverapaz.gob.gt\/?p=7288","title":{"rendered":"Mesa T\u00e9cnica de Seguridad, Estado de Sitio Alta Verapaz"},"content":{"rendered":"<p>Gob. M.A. Erik Nolberto Guerrero Mili\u00e1n, a los integrantes de la comisi\u00f3n de seguridad del departamento de Alta Verapaz, con el objetivo de; Informar sobre el Decreto Gubernativo N\u00famero 1-2019 y establecer coordinaci\u00f3n en municipios en Estado de Sitio: Tactic, Senah\u00fa, Tamah\u00fa, Tucur\u00fa, Panz\u00f3s, Santa Mar\u00eda Cahab\u00f3n, Santa Catalina la Tinta, Chahal y Fray Bartolom\u00e9 de las Casas.<\/p>\n<p>Se estableci\u00f3 una forma de comunicaci<span class=\"textexposedshow\">\u00f3n constante con los elementos de seguridad para establecer acciones inmediatas, cantidad de refuerzo de seguridad provenientes de otros departamentos y acciones en los mencionados municipios (que estar\u00e1n por dar a conocerse).<\/span><\/p>\n<p>Presentes; Gobernaci\u00f3n Departamental de Alta Verapaz, DEIC, DIPANDA, COPREDEH, PNC, PGN, PDH, Ejercito de Guatemala y MP.<\/p>\n<div><\/div>\n","protected":false},"excerpt":{"rendered":"<p>Con el objetivo de; Informar sobre el Decreto Gubernativo N\u00famero 1-2019 y establecer coordinaci\u00f3n en municipios en Estado de Sitio: Tactic, Senah\u00fa, Tamah\u00fa, Tucur\u00fa, Panz\u00f3s, Santa Mar\u00eda Cahab\u00f3n, Santa Catalina la Tinta, Chahal y Fray Bartolom\u00e9 de las Casas.<\/p>\n","protected":false},"author":1,"featured_media":7290,"comment_status":"closed","ping_status":"open","sticky":false,"template":"","format":"gallery","meta":[],"categories":[197],"tags":[178],"_links":{"self":[{"href":"https:\/\/gobernacionaltaverapaz.gob.gt\/index.php?rest_route=\/wp\/v2\/posts\/7288"}],"collection":[{"href":"https:\/\/gobernacionaltaverapaz.gob.gt\/index.php?rest_route=\/wp\/v2\/posts"}],"about":[{"href":"https:\/\/gobernacionaltaverapaz.gob.gt\/index.php?rest_route=\/wp\/v2\/types\/post"}],"author":[{"embeddable":true,"href":"https:\/\/gobernacionaltaverapaz.gob.gt\/index.php?rest_route=\/wp\/v2\/users\/1"}],"replies":[{"embeddable":true,"href":"https:\/\/gobernacionaltaverapaz.gob.gt\/index.php?rest_route=%2Fwp%2Fv2%2Fcomments&post=7288"}],"version-history":[{"count":3,"href":"https:\/\/gobernacionaltaverapaz.gob.gt\/index.php?rest_route=\/wp\/v2\/posts\/7288\/revisions"}],"predecessor-version":[{"id":7296,"href":"https:\/\/gobernacionaltaverapaz.gob.gt\/index.php?rest_route=\/wp\/v2\/posts\/7288\/revisions\/7296"}],"wp:featuredmedia":[{"embeddable":true,"href":"https:\/\/gobernacionaltaverapaz.gob.gt\/index.php?rest_route=\/wp\/v2\/media\/7290"}],"wp:attachment":[{"href":"https:\/\/gobernacionaltaverapaz.gob.gt\/index.php?rest_route=%2Fwp%2Fv2%2Fmedia&parent=7288"}],"wp:term":[{"taxonomy":"category","embeddable":true,"href":"https:\/\/gobernacionaltaverapaz.gob.gt\/index.php?rest_route=%2Fwp%2Fv2%2Fcategories&post=7288"},{"taxonomy":"post_tag","embeddable":true,"href":"https:\/\/gobernacionaltaverapaz.gob.gt\/index.php?rest_route=%2Fwp%2Fv2%2Ftags&post=7288"}],"curies":[{"name":"wp","href":"https:\/\/api.w.org\/{rel}","templated":true}]}}