{"id":7331,"date":"2019-09-09T15:02:52","date_gmt":"2019-09-09T21:02:52","guid":{"rendered":"http:\/\/gobernacionaltaverapaz.gob.gt\/?p=7331"},"modified":"2019-09-10T16:46:48","modified_gmt":"2019-09-10T22:46:48","slug":"convivencia-con-22-niosas-candidatosas-gobernador-por-da","status":"publish","type":"post","link":"https:\/\/gobernacionaltaverapaz.gob.gt\/?p=7331","title":{"rendered":"Convivencia con 22 ni\u00f1os(as) Candidatos(as) a Gobernador por Un D\u00eda"},"content":{"rendered":"<p style=\"text-align: justify;\">Dentro de las actividades de celebraci\u00f3n de los 198 aniversarios de Independencia, por segundo a\u00f1o consecutivo, 22 ni\u00f1os(as) provenientes de 6 municipios; Chamelco, San Crist\u00f3bal, Tactic, Santa Cruz, Cob\u00e1n y Carch\u00e1, participaron en la primera convivencia para la elecci\u00f3n de los Ni\u00f1os(as) Gobernadores(as) por Un D\u00eda.<\/p>\n<p style=\"text-align: justify;\">Los ni\u00f1os(as) participantes fueron escogidos por su centro educativo seg\u00fan sus m\u00e9rit<span class=\"textexposedshow\">os obtenidos en la casa de estudio, los cuales estuvieron en una mesa, donde el se\u00f1or Gobernador Departamental, M.A. Erik Nolberto Guerrero Mili\u00e1n, dio a conocer; Detalles del cargo el cual ocupa en representaci\u00f3n del se\u00f1or Presidente Constitucional en el Departamento de Alta Verapaz, as\u00ed como la historia de construcci\u00f3n del Palacio de Gobernaci\u00f3n y recorrido de las instalaciones del edificio departamental.<\/span><\/p>\n<p style=\"text-align: justify;\">Para lograr ponderar un punteo y escoger a los que ocuparan los 6 cargos por un d\u00eda, Gobernador les dirigi\u00f3 ciertas preguntas, los cuales fueron respondidos seg\u00fan el criterio de cada uno de ellos(as), por su participaci\u00f3n se les entrego un diploma por representar a su centro educativo en dicha actividad.<\/p>\n<p style=\"text-align: justify;\">La investidura a los cargos de; Gobernador Departamental, presidente del CODEDEAV, coordinador institucional, coordinador de seguridad, representante del ejecutivo y embajador de la paz, se llevara a cabo en los pr\u00f3ximos d\u00edas para luego visitar varias instituciones de Gobierno en el departamento.<\/p>\n<div><\/div>\n","protected":false},"excerpt":{"rendered":"<p>Dentro de las actividades de celebraci\u00f3n de los 198 aniversarios de Independencia, por segundo a\u00f1o consecutivo, 22 ni\u00f1os(as) provenientes de 6 municipios; Chamelco, San Crist\u00f3bal, Tactic, Santa Cruz, Cob\u00e1n y Carch\u00e1, participaron en la primera convivencia para la elecci\u00f3n de los Ni\u00f1os(as) Gobernadores(as) por Un D\u00eda. Los ni\u00f1os(as) participantes fueron escogidos por su centro educativo [&hellip;]<\/p>\n","protected":false},"author":1,"featured_media":7368,"comment_status":"closed","ping_status":"open","sticky":false,"template":"","format":"gallery","meta":[],"categories":[2],"tags":[178],"_links":{"self":[{"href":"https:\/\/gobernacionaltaverapaz.gob.gt\/index.php?rest_route=\/wp\/v2\/posts\/7331"}],"collection":[{"href":"https:\/\/gobernacionaltaverapaz.gob.gt\/index.php?rest_route=\/wp\/v2\/posts"}],"about":[{"href":"https:\/\/gobernacionaltaverapaz.gob.gt\/index.php?rest_route=\/wp\/v2\/types\/post"}],"author":[{"embeddable":true,"href":"https:\/\/gobernacionaltaverapaz.gob.gt\/index.php?rest_route=\/wp\/v2\/users\/1"}],"replies":[{"embeddable":true,"href":"https:\/\/gobernacionaltaverapaz.gob.gt\/index.php?rest_route=%2Fwp%2Fv2%2Fcomments&post=7331"}],"version-history":[{"count":2,"href":"https:\/\/gobernacionaltaverapaz.gob.gt\/index.php?rest_route=\/wp\/v2\/posts\/7331\/revisions"}],"predecessor-version":[{"id":7371,"href":"https:\/\/gobernacionaltaverapaz.gob.gt\/index.php?rest_route=\/wp\/v2\/posts\/7331\/revisions\/7371"}],"wp:featuredmedia":[{"embeddable":true,"href":"https:\/\/gobernacionaltaverapaz.gob.gt\/index.php?rest_route=\/wp\/v2\/media\/7368"}],"wp:attachment":[{"href":"https:\/\/gobernacionaltaverapaz.gob.gt\/index.php?rest_route=%2Fwp%2Fv2%2Fmedia&parent=7331"}],"wp:term":[{"taxonomy":"category","embeddable":true,"href":"https:\/\/gobernacionaltaverapaz.gob.gt\/index.php?rest_route=%2Fwp%2Fv2%2Fcategories&post=7331"},{"taxonomy":"post_tag","embeddable":true,"href":"https:\/\/gobernacionaltaverapaz.gob.gt\/index.php?rest_route=%2Fwp%2Fv2%2Ftags&post=7331"}],"curies":[{"name":"wp","href":"https:\/\/api.w.org\/{rel}","templated":true}]}}