{"id":7372,"date":"2019-09-10T09:04:30","date_gmt":"2019-09-10T15:04:30","guid":{"rendered":"http:\/\/gobernacionaltaverapaz.gob.gt\/?p=7372"},"modified":"2019-09-10T16:58:28","modified_gmt":"2019-09-10T22:58:28","slug":"programa-de-actividades-198-aniversario-de-independencia-patria","status":"publish","type":"post","link":"https:\/\/gobernacionaltaverapaz.gob.gt\/?p=7372","title":{"rendered":"Programa de Actividades 198 Aniversario de Independencia Patria"},"content":{"rendered":"<p style=\"text-align: justify;\">En conferencia de prensa se dio a conocer las diversas actividades que se realizaran en conmemoraci\u00f3n de los 198 Aniversario de Independencia Patria en la cabecera departamental, los d\u00edas Lunes 9, Mi\u00e9rcoles 11, Jueves 12, Viernes 13, S\u00e1bado 14 y Domingo 15 de septiembre del a\u00f1o en curso.<\/p>\n<p style=\"text-align: justify;\">Presentes; Gobernador Departamental, M.A. Erik Nolberto Guerrero Mili\u00e1n, Atletismo de Alta Verapaz, Ejercito de Guatemala, Municipalidad de Cob\u00e1n, Bomberos Voluntarios 36cia., MINEDUC y Casa de la Cultura de Alta Verapaz.<\/p>\n<div><\/div>\n","protected":false},"excerpt":{"rendered":"<p>En conferencia de prensa se dio a conocer las diversas actividades que se realizaran en conmemoraci\u00f3n de los 198 Aniversario de Independencia Patria en la cabecera departamental, los d\u00edas Lunes 9, Mi\u00e9rcoles 11, Jueves 12, Viernes 13, S\u00e1bado 14 y Domingo 15 de septiembre del a\u00f1o en curso. Presentes; Gobernador Departamental, M.A. Erik Nolberto Guerrero [&hellip;]<\/p>\n","protected":false},"author":1,"featured_media":7373,"comment_status":"closed","ping_status":"open","sticky":false,"template":"","format":"gallery","meta":[],"categories":[183],"tags":[178],"_links":{"self":[{"href":"https:\/\/gobernacionaltaverapaz.gob.gt\/index.php?rest_route=\/wp\/v2\/posts\/7372"}],"collection":[{"href":"https:\/\/gobernacionaltaverapaz.gob.gt\/index.php?rest_route=\/wp\/v2\/posts"}],"about":[{"href":"https:\/\/gobernacionaltaverapaz.gob.gt\/index.php?rest_route=\/wp\/v2\/types\/post"}],"author":[{"embeddable":true,"href":"https:\/\/gobernacionaltaverapaz.gob.gt\/index.php?rest_route=\/wp\/v2\/users\/1"}],"replies":[{"embeddable":true,"href":"https:\/\/gobernacionaltaverapaz.gob.gt\/index.php?rest_route=%2Fwp%2Fv2%2Fcomments&post=7372"}],"version-history":[{"count":2,"href":"https:\/\/gobernacionaltaverapaz.gob.gt\/index.php?rest_route=\/wp\/v2\/posts\/7372\/revisions"}],"predecessor-version":[{"id":7382,"href":"https:\/\/gobernacionaltaverapaz.gob.gt\/index.php?rest_route=\/wp\/v2\/posts\/7372\/revisions\/7382"}],"wp:featuredmedia":[{"embeddable":true,"href":"https:\/\/gobernacionaltaverapaz.gob.gt\/index.php?rest_route=\/wp\/v2\/media\/7373"}],"wp:attachment":[{"href":"https:\/\/gobernacionaltaverapaz.gob.gt\/index.php?rest_route=%2Fwp%2Fv2%2Fmedia&parent=7372"}],"wp:term":[{"taxonomy":"category","embeddable":true,"href":"https:\/\/gobernacionaltaverapaz.gob.gt\/index.php?rest_route=%2Fwp%2Fv2%2Fcategories&post=7372"},{"taxonomy":"post_tag","embeddable":true,"href":"https:\/\/gobernacionaltaverapaz.gob.gt\/index.php?rest_route=%2Fwp%2Fv2%2Ftags&post=7372"}],"curies":[{"name":"wp","href":"https:\/\/api.w.org\/{rel}","templated":true}]}}