{"id":7383,"date":"2019-09-10T11:45:28","date_gmt":"2019-09-10T17:45:28","guid":{"rendered":"http:\/\/gobernacionaltaverapaz.gob.gt\/?p=7383"},"modified":"2019-09-10T17:07:48","modified_gmt":"2019-09-10T23:07:48","slug":"casa-de-la-cultura-de-alta-verapaz-periodo-2019-2021","status":"publish","type":"post","link":"https:\/\/gobernacionaltaverapaz.gob.gt\/?p=7383","title":{"rendered":"Casa de la Cultura de Alta Verapaz 2019 &#8211; 2021"},"content":{"rendered":"<p style=\"text-align: justify;\">A trav\u00e9s de una convocatoria y participaci\u00f3n de la asamblea socios de Casa de la Cultura, el 20 de julio del presente a\u00f1o y la participaci\u00f3n de dos planillas se eligi\u00f3 a la nueva junta directiva de Casa de la Cultura de Alta Verapaz.<\/p>\n<p style=\"text-align: justify;\">Este 06 de septiembre, Gobernador, M. A. Erik Nolberto Guerrero Mili\u00e1n, realiz\u00f3 la juramentaci\u00f3n e imposici\u00f3n del bot\u00f3n distintivo para los miembro<span class=\"textexposedshow\">s de la nueva junta directiva.<\/span><\/p>\n<p style=\"text-align: justify;\">As\u00ed mismo se entreg\u00f3 el estatus de la Casa de la Cultura de Alta Verapaz al el se\u00f1or Pablo Emanuel Rosales, presidente 2017-2019, por parte de la nueva junta directiva.<\/p>\n<p style=\"text-align: justify;\">Directiva por el per\u00edodo 2019-2021; Martha Argelia Chiquin Jucub, presidenta, Silvia Alvarado Clark, vicepresidente, Carlos Humberto Mendoza Tello, tesorero, Claudia Menely Chun Ho, secretario, Vinicio Kress, vocal, Hamlet Alejandro de la Rosa Pinto, vocal II y Lesbi Esmeralda Catun Cuz, vocal III.<\/p>\n<div><\/div>\n","protected":false},"excerpt":{"rendered":"<p>As\u00ed mismo se entreg\u00f3 el estatus de la Casa de la Cultura de Alta Verapaz al el se\u00f1or Pablo Emanuel Rosales, presidente 2017-2019, por parte de la nueva junta directiva.<\/p>\n","protected":false},"author":1,"featured_media":7397,"comment_status":"closed","ping_status":"open","sticky":false,"template":"","format":"gallery","meta":[],"categories":[2],"tags":[178],"_links":{"self":[{"href":"https:\/\/gobernacionaltaverapaz.gob.gt\/index.php?rest_route=\/wp\/v2\/posts\/7383"}],"collection":[{"href":"https:\/\/gobernacionaltaverapaz.gob.gt\/index.php?rest_route=\/wp\/v2\/posts"}],"about":[{"href":"https:\/\/gobernacionaltaverapaz.gob.gt\/index.php?rest_route=\/wp\/v2\/types\/post"}],"author":[{"embeddable":true,"href":"https:\/\/gobernacionaltaverapaz.gob.gt\/index.php?rest_route=\/wp\/v2\/users\/1"}],"replies":[{"embeddable":true,"href":"https:\/\/gobernacionaltaverapaz.gob.gt\/index.php?rest_route=%2Fwp%2Fv2%2Fcomments&post=7383"}],"version-history":[{"count":4,"href":"https:\/\/gobernacionaltaverapaz.gob.gt\/index.php?rest_route=\/wp\/v2\/posts\/7383\/revisions"}],"predecessor-version":[{"id":7401,"href":"https:\/\/gobernacionaltaverapaz.gob.gt\/index.php?rest_route=\/wp\/v2\/posts\/7383\/revisions\/7401"}],"wp:featuredmedia":[{"embeddable":true,"href":"https:\/\/gobernacionaltaverapaz.gob.gt\/index.php?rest_route=\/wp\/v2\/media\/7397"}],"wp:attachment":[{"href":"https:\/\/gobernacionaltaverapaz.gob.gt\/index.php?rest_route=%2Fwp%2Fv2%2Fmedia&parent=7383"}],"wp:term":[{"taxonomy":"category","embeddable":true,"href":"https:\/\/gobernacionaltaverapaz.gob.gt\/index.php?rest_route=%2Fwp%2Fv2%2Fcategories&post=7383"},{"taxonomy":"post_tag","embeddable":true,"href":"https:\/\/gobernacionaltaverapaz.gob.gt\/index.php?rest_route=%2Fwp%2Fv2%2Ftags&post=7383"}],"curies":[{"name":"wp","href":"https:\/\/api.w.org\/{rel}","templated":true}]}}