{"id":7402,"date":"2019-09-10T16:47:35","date_gmt":"2019-09-10T22:47:35","guid":{"rendered":"http:\/\/gobernacionaltaverapaz.gob.gt\/?p=7402"},"modified":"2019-09-12T12:14:39","modified_gmt":"2019-09-12T18:14:39","slug":"presentacin-exposicin-de-altares-cvicos","status":"publish","type":"post","link":"https:\/\/gobernacionaltaverapaz.gob.gt\/?p=7402","title":{"rendered":"Presentaci\u00f3n y exposici\u00f3n de &#8220;Altares C\u00edvicos&#8221;"},"content":{"rendered":"<p style=\"text-align: justify;\">Gob. M.A. Erik Nolberto Guerrero Mili\u00e1n, con el apoyo del Ministerio de Educaci\u00f3n y Casa de la Cultura, se realiz\u00f3 la presentaci\u00f3n y exposici\u00f3n durante un d\u00eda los &#8220;Altares C\u00edvicos&#8221;, donde varios centros educativos se organizaron para enaltecer las fiestas patrias, frente al edificio departamental.<\/p>\n<p style=\"text-align: justify;\">Participaron los establecimientos educativos de la cabecera departamen<span class=\"textexposedshow\">tal: INEB; Central, San Jos\u00e9 la Colonia, Esfuerzo I, Josefa Jacinto, V\u00edctor Chavarr\u00eda y Siguanha. Como tambi\u00e9n el B\u00e1sico por Cooperativa Chivencorral, B\u00e1sico y diversificado Emilio Rosales Ponce, B\u00e1sico Chobal, B\u00e1sico V. Hall Del Norte, nivel diversificado Cant\u00f3n las Casas, diversificado Escuela de Comercio Jornada Matutina, diversificado Escuela Educaci\u00f3n F\u00edsica y Reservas Militares de Alta Verapaz.<\/span><\/p>\n<p style=\"text-align: justify;\">En totalidad se expusieron 11 altares c\u00edvicos, quienes fueron premiados en dos categor\u00eda: B\u00e1sico; Instituto V. Hall del Norte, Primer Lugar; INEB Central, Segundo Lugar; INEB Esfuerzo I, Tercer Lugar. Nivel Diversificado; Escuela de Comercio Matutino, Primer Lugar; Emilio Rosales Ponce, Segundo Lugar; Escuela de Educaci\u00f3n F\u00edsica, Tercer Lugar.<\/p>\n<div><\/div>\n","protected":false},"excerpt":{"rendered":"<p>Donde varios centros educativos se organizaron para enaltecer las fiestas patrias, frente al edificio departamental.<\/p>\n","protected":false},"author":1,"featured_media":7403,"comment_status":"closed","ping_status":"open","sticky":false,"template":"","format":"gallery","meta":[],"categories":[183],"tags":[178],"_links":{"self":[{"href":"https:\/\/gobernacionaltaverapaz.gob.gt\/index.php?rest_route=\/wp\/v2\/posts\/7402"}],"collection":[{"href":"https:\/\/gobernacionaltaverapaz.gob.gt\/index.php?rest_route=\/wp\/v2\/posts"}],"about":[{"href":"https:\/\/gobernacionaltaverapaz.gob.gt\/index.php?rest_route=\/wp\/v2\/types\/post"}],"author":[{"embeddable":true,"href":"https:\/\/gobernacionaltaverapaz.gob.gt\/index.php?rest_route=\/wp\/v2\/users\/1"}],"replies":[{"embeddable":true,"href":"https:\/\/gobernacionaltaverapaz.gob.gt\/index.php?rest_route=%2Fwp%2Fv2%2Fcomments&post=7402"}],"version-history":[{"count":2,"href":"https:\/\/gobernacionaltaverapaz.gob.gt\/index.php?rest_route=\/wp\/v2\/posts\/7402\/revisions"}],"predecessor-version":[{"id":7422,"href":"https:\/\/gobernacionaltaverapaz.gob.gt\/index.php?rest_route=\/wp\/v2\/posts\/7402\/revisions\/7422"}],"wp:featuredmedia":[{"embeddable":true,"href":"https:\/\/gobernacionaltaverapaz.gob.gt\/index.php?rest_route=\/wp\/v2\/media\/7403"}],"wp:attachment":[{"href":"https:\/\/gobernacionaltaverapaz.gob.gt\/index.php?rest_route=%2Fwp%2Fv2%2Fmedia&parent=7402"}],"wp:term":[{"taxonomy":"category","embeddable":true,"href":"https:\/\/gobernacionaltaverapaz.gob.gt\/index.php?rest_route=%2Fwp%2Fv2%2Fcategories&post=7402"},{"taxonomy":"post_tag","embeddable":true,"href":"https:\/\/gobernacionaltaverapaz.gob.gt\/index.php?rest_route=%2Fwp%2Fv2%2Ftags&post=7402"}],"curies":[{"name":"wp","href":"https:\/\/api.w.org\/{rel}","templated":true}]}}