{"id":7423,"date":"2019-09-11T07:06:40","date_gmt":"2019-09-11T13:06:40","guid":{"rendered":"http:\/\/gobernacionaltaverapaz.gob.gt\/?p=7423"},"modified":"2019-09-12T12:18:07","modified_gmt":"2019-09-12T18:18:07","slug":"bienvenida-practicantes-del-nivel-diversificado-practica-supervisada","status":"publish","type":"post","link":"https:\/\/gobernacionaltaverapaz.gob.gt\/?p=7423","title":{"rendered":"Bienvenida a Practicantes del Nivel Diversificado, Practica Supervisada"},"content":{"rendered":"<p style=\"text-align: justify;\">Gob. M.A. Erik Nolberto Guerrero Mili\u00e1n, converso con alumnos(as) practicantes del nivel diversificado en su pr\u00e1ctica supervisada, donde les dio la bienvenida y lograr formar parte de las diferentes actividades que Gobernaci\u00f3n Departamental de Alta Verapaz realiza.<\/p>\n<p style=\"text-align: justify;\">Practicantes del nivel medio provienen de los establecimientos; <a href=\"https:\/\/www.facebook.com\/tecnologicocoban\/?fref=mentions&amp;__xts__%5B0%5D=68.ARDQ4SnfK9EB6Ggmfd_h5G_mBfN_Q-8lvN5Ovdxa_xYT7UwC8e7kCTcfEbG-zfjuRAazv-636Xl0bVMTH0cYYxdHPMjJg0KcAOkVEfmb0qPGxd6IQjpc1rbv-5Tvo8qJIQuxY8fbXQANgR88I1zuYrMyzd36v-qAe4D8K9We72x8Ro3tDT01X6pN_lRrtmcQRNTlcbe2r90Or061iU7-2k8u7_J9vBbjGGqwoOpmYReWVjGlcn0xE4JRiVj8U5N6JWyMuDFKAtw-kX0qYa8kC_B_4hUu-J0L-v6MkPZaeJZH5Xt9YHd9PxXy0nih-9lsu8GkTBnxhJadZfndpMAsGh4&amp;__tn__=K-R\" target=\"_blank\" rel=\"noopener\">Colegio Tecnol\u00f3gico En Inform\u00e1tica<\/a>, Cob\u00e1n, <a href=\"https:\/\/www.facebook.com\/Colegio-Nuestra-Se\u00f1ora-de-la-Asuncion-1427135964194731\/?fref=mentions&amp;__xts__%5B0%5D=68.ARDQ4SnfK9EB6Ggmfd_h5G_mBfN_Q-8lvN5Ovdxa_xYT7UwC8e7kCTcfEbG-zfjuRAazv-636Xl0bVMTH0cYYxdHPMjJg0KcAOkVEfmb0qPGxd6IQjpc1rbv-5Tvo8qJIQuxY8fbXQANgR88I1zuYrMyzd36v-qAe4D8K9We72x8Ro3tDT01X6pN_lRrtmcQRNTlcbe2r90Or061iU7-2k8u7_J9vBbjGGqwoOpmYReWVjGlcn0xE4JRiVj8U5N6JWyMuDFKAtw-kX0qYa8kC_B_4hUu-J0L-v6MkPZaeJZH5Xt9YHd9PxXy0nih-9lsu8GkTBnxhJadZfndpMAsGh4&amp;__tn__=K-R\" target=\"_blank\" rel=\"noopener\">Colegio Nuestra Se\u00f1ora de la Asuncion<\/a>, Tactic, Escuela de Ciencias Comerciales, Cob\u00e1n y <a href=\"https:\/\/www.facebook.com\/cnuevossenderos\/?fref=mentions&amp;__xts__%5B0%5D=68.ARDQ4SnfK9EB6Ggmfd_h5G_mBfN_Q-8lvN5Ovdxa_xYT7UwC8e7kCTcfEbG-zfjuRAazv-636Xl0bVMTH0cYYxdHPMjJg0KcAOkVEfmb0qPGxd6IQjpc1rbv-5Tvo8qJIQuxY8fbXQANgR88I1zuYrMyzd36v-qAe4D8K9We72x8Ro3tDT01X6pN_lRrtmcQRNTlcbe2r90Or061iU7-2k8u7_J9vBbjGGqwoOpmYReWVjGlcn0xE4JRiVj8U5N6JWyMuDFKAtw-kX0qYa8kC_B_4hUu-J0L-v6MkPZaeJZH5Xt9YHd9PxXy0nih-9lsu8GkTBnxhJadZfndpMAsGh4&amp;__tn__=K-R\" target=\"_blank\" rel=\"noopener\">Colegio Nuevos Senderos<\/a>, Cob\u00e1n.<\/p>\n<div><\/div>\n","protected":false},"excerpt":{"rendered":"<p>Gob. M.A. Erik Nolberto Guerrero Mili\u00e1n, converso con alumnos(as) practicantes del nivel diversificado en su pr\u00e1ctica supervisada, donde les dio la bienvenida y lograr formar parte de las diferentes actividades que Gobernaci\u00f3n Departamental de Alta Verapaz realiza. Practicantes del nivel medio provienen de los establecimientos; Colegio Tecnol\u00f3gico En Inform\u00e1tica, Cob\u00e1n, Colegio Nuestra Se\u00f1ora de la [&hellip;]<\/p>\n","protected":false},"author":1,"featured_media":7426,"comment_status":"closed","ping_status":"open","sticky":false,"template":"","format":"standard","meta":[],"categories":[2],"tags":[178],"_links":{"self":[{"href":"https:\/\/gobernacionaltaverapaz.gob.gt\/index.php?rest_route=\/wp\/v2\/posts\/7423"}],"collection":[{"href":"https:\/\/gobernacionaltaverapaz.gob.gt\/index.php?rest_route=\/wp\/v2\/posts"}],"about":[{"href":"https:\/\/gobernacionaltaverapaz.gob.gt\/index.php?rest_route=\/wp\/v2\/types\/post"}],"author":[{"embeddable":true,"href":"https:\/\/gobernacionaltaverapaz.gob.gt\/index.php?rest_route=\/wp\/v2\/users\/1"}],"replies":[{"embeddable":true,"href":"https:\/\/gobernacionaltaverapaz.gob.gt\/index.php?rest_route=%2Fwp%2Fv2%2Fcomments&post=7423"}],"version-history":[{"count":2,"href":"https:\/\/gobernacionaltaverapaz.gob.gt\/index.php?rest_route=\/wp\/v2\/posts\/7423\/revisions"}],"predecessor-version":[{"id":7428,"href":"https:\/\/gobernacionaltaverapaz.gob.gt\/index.php?rest_route=\/wp\/v2\/posts\/7423\/revisions\/7428"}],"wp:featuredmedia":[{"embeddable":true,"href":"https:\/\/gobernacionaltaverapaz.gob.gt\/index.php?rest_route=\/wp\/v2\/media\/7426"}],"wp:attachment":[{"href":"https:\/\/gobernacionaltaverapaz.gob.gt\/index.php?rest_route=%2Fwp%2Fv2%2Fmedia&parent=7423"}],"wp:term":[{"taxonomy":"category","embeddable":true,"href":"https:\/\/gobernacionaltaverapaz.gob.gt\/index.php?rest_route=%2Fwp%2Fv2%2Fcategories&post=7423"},{"taxonomy":"post_tag","embeddable":true,"href":"https:\/\/gobernacionaltaverapaz.gob.gt\/index.php?rest_route=%2Fwp%2Fv2%2Ftags&post=7423"}],"curies":[{"name":"wp","href":"https:\/\/api.w.org\/{rel}","templated":true}]}}