{"id":7429,"date":"2019-09-11T08:48:19","date_gmt":"2019-09-11T14:48:19","guid":{"rendered":"http:\/\/gobernacionaltaverapaz.gob.gt\/?p=7429"},"modified":"2019-09-12T12:35:42","modified_gmt":"2019-09-12T18:35:42","slug":"acto-protocolario-antorcha-recrate-por-la-paz-del-ministerio-de-cultura-deportes-guatemala","status":"publish","type":"post","link":"https:\/\/gobernacionaltaverapaz.gob.gt\/?p=7429","title":{"rendered":"Acto Protocolario Antorcha Re-Cr\u00e9ate por la Paz"},"content":{"rendered":"<p style=\"text-align: justify;\">Frente al palacio de Gobernaci\u00f3n Departamental de Alta Verapaz y con la presencia de los municipios; Carcha, Chamelco, Tactic, San Crist\u00f3bal y Cob\u00e1n, Alta Verapaz, se realiz\u00f3 los acto protocolarios, donde se recibi\u00f3 la &#8220;Antorcha Re-Cr\u00e9ate por la Paz&#8221;, donde al d\u00eda siguiente fue entregado al departamento de Baja Verapaz, para continuar su recorrido.<\/p>\n<p style=\"text-align: justify;\">Con la presencia de: Gob<span class=\"textexposedshow\">ernador Departamental, M.A. Erik Nolberto Guerrero Mili\u00e1n, integrantes del CONDEDER de Alta Verapaz y <a title=\"Eduardo Dominguez\" href=\"https:\/\/www.facebook.com\/eduardo.dominguez.7503314?fref=mentions&amp;__xts__%5B0%5D=68.ARC2Q2g5u9Zu8TzHk-tGajr3vzRVhPPG-Bv7nu9oiqGU_-XO4fWkJhcm3H6e_g6kM4cPbisW1xaAmfoeoSPCt-AmVBFM6If_8dr2tT79J0eWZ36RzVYhWNVts7KDaO3kU0A7sYsrp5ZrDuIwbla4YgOqgqS3OnhrX5_9mj3S85EhWJtUZU-dE1ezuMdfp3z16lGXa341NIM33Z46thK6_7gdi9sE8TZsJhWP6hE9_hougyfV0g_XmuyJtk_3knxRYXYhyo-61IgpfNeDBmWU_PC7EYroUVZASham1d9NXcwsZxP-TYIeHVOW8CtBDqg2ATNQKjuI3xMfdtSx_WIvuU4&amp;__tn__=K-R\" target=\"_blank\" rel=\"noopener\">Eduardo Dominguez<\/a>, promotor departamental de MICUDE; se concluy\u00f3 con el encendido de la misma y posteriormente la juramentaci\u00f3n a los municipios participantes.<\/span><\/p>\n<div><\/div>\n","protected":false},"excerpt":{"rendered":"<p>Donde al d\u00eda siguiente fue entregado al departamento de Baja Verapaz, para continuar su recorrido.<\/p>\n","protected":false},"author":1,"featured_media":7438,"comment_status":"closed","ping_status":"open","sticky":false,"template":"","format":"gallery","meta":[],"categories":[183],"tags":[178],"_links":{"self":[{"href":"https:\/\/gobernacionaltaverapaz.gob.gt\/index.php?rest_route=\/wp\/v2\/posts\/7429"}],"collection":[{"href":"https:\/\/gobernacionaltaverapaz.gob.gt\/index.php?rest_route=\/wp\/v2\/posts"}],"about":[{"href":"https:\/\/gobernacionaltaverapaz.gob.gt\/index.php?rest_route=\/wp\/v2\/types\/post"}],"author":[{"embeddable":true,"href":"https:\/\/gobernacionaltaverapaz.gob.gt\/index.php?rest_route=\/wp\/v2\/users\/1"}],"replies":[{"embeddable":true,"href":"https:\/\/gobernacionaltaverapaz.gob.gt\/index.php?rest_route=%2Fwp%2Fv2%2Fcomments&post=7429"}],"version-history":[{"count":3,"href":"https:\/\/gobernacionaltaverapaz.gob.gt\/index.php?rest_route=\/wp\/v2\/posts\/7429\/revisions"}],"predecessor-version":[{"id":7443,"href":"https:\/\/gobernacionaltaverapaz.gob.gt\/index.php?rest_route=\/wp\/v2\/posts\/7429\/revisions\/7443"}],"wp:featuredmedia":[{"embeddable":true,"href":"https:\/\/gobernacionaltaverapaz.gob.gt\/index.php?rest_route=\/wp\/v2\/media\/7438"}],"wp:attachment":[{"href":"https:\/\/gobernacionaltaverapaz.gob.gt\/index.php?rest_route=%2Fwp%2Fv2%2Fmedia&parent=7429"}],"wp:term":[{"taxonomy":"category","embeddable":true,"href":"https:\/\/gobernacionaltaverapaz.gob.gt\/index.php?rest_route=%2Fwp%2Fv2%2Fcategories&post=7429"},{"taxonomy":"post_tag","embeddable":true,"href":"https:\/\/gobernacionaltaverapaz.gob.gt\/index.php?rest_route=%2Fwp%2Fv2%2Ftags&post=7429"}],"curies":[{"name":"wp","href":"https:\/\/api.w.org\/{rel}","templated":true}]}}