{"id":7451,"date":"2019-09-11T16:28:35","date_gmt":"2019-09-11T22:28:35","guid":{"rendered":"http:\/\/gobernacionaltaverapaz.gob.gt\/?p=7451"},"modified":"2019-09-12T12:54:50","modified_gmt":"2019-09-12T18:54:50","slug":"inauguracin-de-subsede-instituto-nacional-de-ciencias-forenses-inacif","status":"publish","type":"post","link":"https:\/\/gobernacionaltaverapaz.gob.gt\/?p=7451","title":{"rendered":"Inauguraci\u00f3n de Subsede Instituto Nacional de Ciencias Forenses -INACIF-"},"content":{"rendered":"<p style=\"text-align: justify;\">En cumplimiento del plan de ampliaci\u00f3n de la cobertura del INACIF, acercando los servicios forenses a la poblaci\u00f3n, brindando una atenci\u00f3n diligente y con respeto a la dignidad de las v\u00edctimas.<\/p>\n<p style=\"text-align: justify;\">Se cuenta con subsedes en: Ixcan, Santa Catalina la Tinta, San Pedro Carch\u00e1, Cob\u00e1n y Chisec que se inaugura actualmente, prestando los servicios de; Psiquiatr\u00eda y Psicolog\u00eda Forense, Medicina Legal Cl\u00edn<span class=\"textexposedshow\">ica, Cl\u00ednica Forense, entre otros, atendiendo casos como abusos sexuales, maltrato contra menores y violencias en general.<\/span><\/p>\n<p style=\"text-align: justify;\">Gob. M.A. Erik Nolberto Guerrero Mili\u00e1n, expreso; &#8220;Hoy podemos hablar de instituciones m\u00e1s unidas, con ello podemos ser proactivos y mejorar tanto, pero lo mejor es tener el enfoque al servicio p\u00fablico que debemos fortalecer y brind\u00e1rselo a la poblaci\u00f3n; muy contento de ver como Chisec sigue creciendo y lograr tener mejores accesos a servicios como lo brinda INACIF, sin dudarlo esto viene a crear mayor crecimiento econ\u00f3mico y fortalecimiento a las instituciones de justicia&#8221;.<\/p>\n<p style=\"text-align: justify;\">Presentes en la mesa principal; Gobernador Departamental, Erik Nolberto Guerrero Mili\u00e1n; Doctor, Marco Aurelio Gilardi Matus, Coordinador Sede Pericial Cob\u00e1n; Doctor, Danilo Arita, Jefe de la Unidad de Medicina Forense Regional; Alcalde Municipal de Chisec, Selvyn Ottoniel Reyes Rivera.<\/p>\n<div><\/div>\n","protected":false},"excerpt":{"rendered":"<p>Se cuenta con subsedes en: Ixcan, Santa Catalina la Tinta, San Pedro Carch\u00e1, Cob\u00e1n y Chisec que se inaugura actualmente, prestando los servicios de; Psiquiatr\u00eda y Psicolog\u00eda Forense, Medicina Legal Cl\u00ednica, Cl\u00ednica Forense, entre otros, atendiendo casos como abusos sexuales, maltrato contra menores y violencias en general.<\/p>\n","protected":false},"author":1,"featured_media":7463,"comment_status":"closed","ping_status":"open","sticky":false,"template":"","format":"gallery","meta":[],"categories":[5],"tags":[178],"_links":{"self":[{"href":"https:\/\/gobernacionaltaverapaz.gob.gt\/index.php?rest_route=\/wp\/v2\/posts\/7451"}],"collection":[{"href":"https:\/\/gobernacionaltaverapaz.gob.gt\/index.php?rest_route=\/wp\/v2\/posts"}],"about":[{"href":"https:\/\/gobernacionaltaverapaz.gob.gt\/index.php?rest_route=\/wp\/v2\/types\/post"}],"author":[{"embeddable":true,"href":"https:\/\/gobernacionaltaverapaz.gob.gt\/index.php?rest_route=\/wp\/v2\/users\/1"}],"replies":[{"embeddable":true,"href":"https:\/\/gobernacionaltaverapaz.gob.gt\/index.php?rest_route=%2Fwp%2Fv2%2Fcomments&post=7451"}],"version-history":[{"count":2,"href":"https:\/\/gobernacionaltaverapaz.gob.gt\/index.php?rest_route=\/wp\/v2\/posts\/7451\/revisions"}],"predecessor-version":[{"id":7470,"href":"https:\/\/gobernacionaltaverapaz.gob.gt\/index.php?rest_route=\/wp\/v2\/posts\/7451\/revisions\/7470"}],"wp:featuredmedia":[{"embeddable":true,"href":"https:\/\/gobernacionaltaverapaz.gob.gt\/index.php?rest_route=\/wp\/v2\/media\/7463"}],"wp:attachment":[{"href":"https:\/\/gobernacionaltaverapaz.gob.gt\/index.php?rest_route=%2Fwp%2Fv2%2Fmedia&parent=7451"}],"wp:term":[{"taxonomy":"category","embeddable":true,"href":"https:\/\/gobernacionaltaverapaz.gob.gt\/index.php?rest_route=%2Fwp%2Fv2%2Fcategories&post=7451"},{"taxonomy":"post_tag","embeddable":true,"href":"https:\/\/gobernacionaltaverapaz.gob.gt\/index.php?rest_route=%2Fwp%2Fv2%2Ftags&post=7451"}],"curies":[{"name":"wp","href":"https:\/\/api.w.org\/{rel}","templated":true}]}}