{"id":7499,"date":"2019-09-12T12:13:42","date_gmt":"2019-09-12T18:13:42","guid":{"rendered":"http:\/\/gobernacionaltaverapaz.gob.gt\/?p=7499"},"modified":"2019-09-12T14:24:19","modified_gmt":"2019-09-12T20:24:19","slug":"segundo-encuentro-de-escritores-alta-verapaz","status":"publish","type":"post","link":"https:\/\/gobernacionaltaverapaz.gob.gt\/?p=7499","title":{"rendered":"Segundo Encuentro de Escritores, Alta Verapaz"},"content":{"rendered":"<p style=\"text-align: justify;\">Con el objetivo de convivir, hermanarse y brindar aporte a la comunidad de escritores Altaverapacenses, se realiz\u00f3 en segundo a\u00f1o consecutivo el &#8220;II Encuentro de Escritores&#8221;, que se llev\u00f3 a cabo dentro del Palacio de Gobernaci\u00f3n Departamental de Alta Verapaz.<\/p>\n<p style=\"text-align: justify;\">Se presenci\u00f3 la visita de 34 escritores del departamento, coordinado por Casa de la Cultura de Alta Verapaz y Gobernaci\u00f3n Departamental, donde se apreci\u00f3 la exposic<span class=\"textexposedshow\">i\u00f3n del Doctor, Juan Jos\u00e9 Guerrero, con el tema &#8220;Realidad de la Literatura Altaverapacense&#8221;, la participaci\u00f3n del &#8220;Grupo Cultural Folkl\u00f3rico&#8221;, canto por la se\u00f1ora Lesbi Catun y por \u00faltimo se les brindo un diploma de participaci\u00f3n.<\/span><\/p>\n<div><\/div>\n","protected":false},"excerpt":{"rendered":"<p>Se realiz\u00f3 en segundo a\u00f1o consecutivo el &#8220;II Encuentro de Escritores&#8221;, que se llev\u00f3 a cabo dentro del Palacio de Gobernaci\u00f3n Departamental de Alta Verapaz.<\/p>\n","protected":false},"author":1,"featured_media":7500,"comment_status":"closed","ping_status":"open","sticky":false,"template":"","format":"gallery","meta":[],"categories":[2],"tags":[178],"_links":{"self":[{"href":"https:\/\/gobernacionaltaverapaz.gob.gt\/index.php?rest_route=\/wp\/v2\/posts\/7499"}],"collection":[{"href":"https:\/\/gobernacionaltaverapaz.gob.gt\/index.php?rest_route=\/wp\/v2\/posts"}],"about":[{"href":"https:\/\/gobernacionaltaverapaz.gob.gt\/index.php?rest_route=\/wp\/v2\/types\/post"}],"author":[{"embeddable":true,"href":"https:\/\/gobernacionaltaverapaz.gob.gt\/index.php?rest_route=\/wp\/v2\/users\/1"}],"replies":[{"embeddable":true,"href":"https:\/\/gobernacionaltaverapaz.gob.gt\/index.php?rest_route=%2Fwp%2Fv2%2Fcomments&post=7499"}],"version-history":[{"count":2,"href":"https:\/\/gobernacionaltaverapaz.gob.gt\/index.php?rest_route=\/wp\/v2\/posts\/7499\/revisions"}],"predecessor-version":[{"id":7522,"href":"https:\/\/gobernacionaltaverapaz.gob.gt\/index.php?rest_route=\/wp\/v2\/posts\/7499\/revisions\/7522"}],"wp:featuredmedia":[{"embeddable":true,"href":"https:\/\/gobernacionaltaverapaz.gob.gt\/index.php?rest_route=\/wp\/v2\/media\/7500"}],"wp:attachment":[{"href":"https:\/\/gobernacionaltaverapaz.gob.gt\/index.php?rest_route=%2Fwp%2Fv2%2Fmedia&parent=7499"}],"wp:term":[{"taxonomy":"category","embeddable":true,"href":"https:\/\/gobernacionaltaverapaz.gob.gt\/index.php?rest_route=%2Fwp%2Fv2%2Fcategories&post=7499"},{"taxonomy":"post_tag","embeddable":true,"href":"https:\/\/gobernacionaltaverapaz.gob.gt\/index.php?rest_route=%2Fwp%2Fv2%2Ftags&post=7499"}],"curies":[{"name":"wp","href":"https:\/\/api.w.org\/{rel}","templated":true}]}}