{"id":7551,"date":"2019-09-13T12:08:09","date_gmt":"2019-09-13T18:08:09","guid":{"rendered":"http:\/\/gobernacionaltaverapaz.gob.gt\/?p=7551"},"modified":"2019-09-13T17:07:01","modified_gmt":"2019-09-13T23:07:01","slug":"acto-cvico-en-centro-comercial-plaza-magdalena","status":"publish","type":"post","link":"https:\/\/gobernacionaltaverapaz.gob.gt\/?p=7551","title":{"rendered":"Acto C\u00edvico en Centro Comercial Plaza Magdalena"},"content":{"rendered":"<p style=\"text-align: justify;\">Se realiz\u00f3 acto c\u00edvico, con motivo de las actividades del mes de septiembre en el 198 aniversario, con la participaci\u00f3n del <a href=\"https:\/\/www.facebook.com\/cnuevossenderos\/?fref=mentions&amp;__xts__%5B0%5D=68.ARC-ZzF_9m8IFvjc9guwb05kW49X9l9q68JZ90xdPfJyPHgw3-3LzfOMaUkU9i3znMBVvnOgr-vvAX5M-UaKgQ9iC1mVhLES-0u1u_9ctPMPRxV9YCLsXYfvO6XjCe3yqPm9kE7aG85OQdYTajJps2JmqdfNGMSiig5eXwxrQPC0aKB5Z0nnUIbIvn3jtBGs5f0GgXep0qDhl7CjeSw1PSRrwxGdmdCDtKhapVucNCfWz0UORMqsairEkzQHj6XzKfz_XpT_sed3wHfMnF7oxr3Q_-1HYanlM5hbXYgr46IUFOwl28JvOU-6SnX8bEvTf2nVpY0NHJy6Z65ycY1vzSM&amp;__tn__=K-R\" target=\"_blank\" rel=\"noopener\">Colegio Nuevos Senderos<\/a> de la ciudad de Cob\u00e1n, hubo actos protocolarios a la patria, buscando as\u00ed fomentar los valores patrios en los estudiantes.<\/p>\n<p style=\"text-align: justify;\">La actividad se llev\u00f3 a cabo en centro comercial Plaza Magdalena, con la participaci\u00f3n del se\u00f1or Gobernador Departamental de Alta Ver<span class=\"textexposedshow\">apaz, M.A. Erik Nolberto Guerrero Mili\u00e1n, representantes de la comuna Cobanera y el apoyo de <a href=\"https:\/\/www.facebook.com\/EjercitoGT\/?fref=mentions&amp;__xts__%5B0%5D=68.ARC-ZzF_9m8IFvjc9guwb05kW49X9l9q68JZ90xdPfJyPHgw3-3LzfOMaUkU9i3znMBVvnOgr-vvAX5M-UaKgQ9iC1mVhLES-0u1u_9ctPMPRxV9YCLsXYfvO6XjCe3yqPm9kE7aG85OQdYTajJps2JmqdfNGMSiig5eXwxrQPC0aKB5Z0nnUIbIvn3jtBGs5f0GgXep0qDhl7CjeSw1PSRrwxGdmdCDtKhapVucNCfWz0UORMqsairEkzQHj6XzKfz_XpT_sed3wHfMnF7oxr3Q_-1HYanlM5hbXYgr46IUFOwl28JvOU-6SnX8bEvTf2nVpY0NHJy6Z65ycY1vzSM&amp;__tn__=K-R\" target=\"_blank\" rel=\"noopener\">Ej\u00e9rcito GT Oficial<\/a>, <a href=\"https:\/\/www.facebook.com\/pages\/CREOMPAZ-COBAN\/121978487904894?fref=mentions&amp;__xts__%5B0%5D=68.ARC-ZzF_9m8IFvjc9guwb05kW49X9l9q68JZ90xdPfJyPHgw3-3LzfOMaUkU9i3znMBVvnOgr-vvAX5M-UaKgQ9iC1mVhLES-0u1u_9ctPMPRxV9YCLsXYfvO6XjCe3yqPm9kE7aG85OQdYTajJps2JmqdfNGMSiig5eXwxrQPC0aKB5Z0nnUIbIvn3jtBGs5f0GgXep0qDhl7CjeSw1PSRrwxGdmdCDtKhapVucNCfWz0UORMqsairEkzQHj6XzKfz_XpT_sed3wHfMnF7oxr3Q_-1HYanlM5hbXYgr46IUFOwl28JvOU-6SnX8bEvTf2nVpY0NHJy6Z65ycY1vzSM&amp;__tn__=K-R\" target=\"_blank\" rel=\"noopener\">CREOMPAZ (COBAN)<\/a>.<\/span><\/p>\n<div><\/div>\n","protected":false},"excerpt":{"rendered":"<p>Con motivo de las actividades del mes de septiembre en el 198 aniversario.<\/p>\n","protected":false},"author":1,"featured_media":7552,"comment_status":"closed","ping_status":"open","sticky":false,"template":"","format":"gallery","meta":[],"categories":[183],"tags":[178],"_links":{"self":[{"href":"https:\/\/gobernacionaltaverapaz.gob.gt\/index.php?rest_route=\/wp\/v2\/posts\/7551"}],"collection":[{"href":"https:\/\/gobernacionaltaverapaz.gob.gt\/index.php?rest_route=\/wp\/v2\/posts"}],"about":[{"href":"https:\/\/gobernacionaltaverapaz.gob.gt\/index.php?rest_route=\/wp\/v2\/types\/post"}],"author":[{"embeddable":true,"href":"https:\/\/gobernacionaltaverapaz.gob.gt\/index.php?rest_route=\/wp\/v2\/users\/1"}],"replies":[{"embeddable":true,"href":"https:\/\/gobernacionaltaverapaz.gob.gt\/index.php?rest_route=%2Fwp%2Fv2%2Fcomments&post=7551"}],"version-history":[{"count":2,"href":"https:\/\/gobernacionaltaverapaz.gob.gt\/index.php?rest_route=\/wp\/v2\/posts\/7551\/revisions"}],"predecessor-version":[{"id":7565,"href":"https:\/\/gobernacionaltaverapaz.gob.gt\/index.php?rest_route=\/wp\/v2\/posts\/7551\/revisions\/7565"}],"wp:featuredmedia":[{"embeddable":true,"href":"https:\/\/gobernacionaltaverapaz.gob.gt\/index.php?rest_route=\/wp\/v2\/media\/7552"}],"wp:attachment":[{"href":"https:\/\/gobernacionaltaverapaz.gob.gt\/index.php?rest_route=%2Fwp%2Fv2%2Fmedia&parent=7551"}],"wp:term":[{"taxonomy":"category","embeddable":true,"href":"https:\/\/gobernacionaltaverapaz.gob.gt\/index.php?rest_route=%2Fwp%2Fv2%2Fcategories&post=7551"},{"taxonomy":"post_tag","embeddable":true,"href":"https:\/\/gobernacionaltaverapaz.gob.gt\/index.php?rest_route=%2Fwp%2Fv2%2Ftags&post=7551"}],"curies":[{"name":"wp","href":"https:\/\/api.w.org\/{rel}","templated":true}]}}