{"id":7566,"date":"2019-09-13T15:49:27","date_gmt":"2019-09-13T21:49:27","guid":{"rendered":"http:\/\/gobernacionaltaverapaz.gob.gt\/?p=7566"},"modified":"2019-09-13T17:15:41","modified_gmt":"2019-09-13T23:15:41","slug":"desfile-de-bandas-colegios-privados","status":"publish","type":"post","link":"https:\/\/gobernacionaltaverapaz.gob.gt\/?p=7566","title":{"rendered":"Desfile de Bandas"},"content":{"rendered":"<p style=\"text-align: justify;\">En la cabecera departamental de Alta Verapaz, con presencia del Gobernador M.A. Erik Nolberto Guerrero Mili\u00e1n, Alcalde Municipal, Koky C\u00f3rdova Molina, Ejercito de Guatemala y Ministerio de Educaci\u00f3n, se llev\u00f3 a cabo el desfile de bandas p\u00fablicos y privados, organizado por colegios privados y el apoyo del Ministerio de Cultura y Deportes, con esto celebrar los 198 a\u00f1os de nuestra Independencia Guatemala.<\/p>\n<p style=\"text-align: justify;\">Bandas par<span class=\"textexposedshow\">ticipantes; Escuela Mixta Barro la Libertad, Instituto Privado Ra\u00fal Chenal, Escuela Mixta Peter Jornada Vespertina, Colegio Tecnol\u00f3gico en Inform\u00e1tica, Liceo Americano del Norte, Colegio Cob\u00e1n y Colegio CENINFAV.<\/span><\/p>\n<div><\/div>\n","protected":false},"excerpt":{"rendered":"<p>Se llev\u00f3 a cabo el desfile de bandas p\u00fablicos y privados, organizado por colegios privados y el apoyo del Ministerio de Cultura y Deportes, con esto celebrar los 198 a\u00f1os de nuestra Independencia Guatemala.<\/p>\n","protected":false},"author":1,"featured_media":7571,"comment_status":"closed","ping_status":"open","sticky":false,"template":"","format":"gallery","meta":[],"categories":[183],"tags":[178],"_links":{"self":[{"href":"https:\/\/gobernacionaltaverapaz.gob.gt\/index.php?rest_route=\/wp\/v2\/posts\/7566"}],"collection":[{"href":"https:\/\/gobernacionaltaverapaz.gob.gt\/index.php?rest_route=\/wp\/v2\/posts"}],"about":[{"href":"https:\/\/gobernacionaltaverapaz.gob.gt\/index.php?rest_route=\/wp\/v2\/types\/post"}],"author":[{"embeddable":true,"href":"https:\/\/gobernacionaltaverapaz.gob.gt\/index.php?rest_route=\/wp\/v2\/users\/1"}],"replies":[{"embeddable":true,"href":"https:\/\/gobernacionaltaverapaz.gob.gt\/index.php?rest_route=%2Fwp%2Fv2%2Fcomments&post=7566"}],"version-history":[{"count":3,"href":"https:\/\/gobernacionaltaverapaz.gob.gt\/index.php?rest_route=\/wp\/v2\/posts\/7566\/revisions"}],"predecessor-version":[{"id":7582,"href":"https:\/\/gobernacionaltaverapaz.gob.gt\/index.php?rest_route=\/wp\/v2\/posts\/7566\/revisions\/7582"}],"wp:featuredmedia":[{"embeddable":true,"href":"https:\/\/gobernacionaltaverapaz.gob.gt\/index.php?rest_route=\/wp\/v2\/media\/7571"}],"wp:attachment":[{"href":"https:\/\/gobernacionaltaverapaz.gob.gt\/index.php?rest_route=%2Fwp%2Fv2%2Fmedia&parent=7566"}],"wp:term":[{"taxonomy":"category","embeddable":true,"href":"https:\/\/gobernacionaltaverapaz.gob.gt\/index.php?rest_route=%2Fwp%2Fv2%2Fcategories&post=7566"},{"taxonomy":"post_tag","embeddable":true,"href":"https:\/\/gobernacionaltaverapaz.gob.gt\/index.php?rest_route=%2Fwp%2Fv2%2Ftags&post=7566"}],"curies":[{"name":"wp","href":"https:\/\/api.w.org\/{rel}","templated":true}]}}