{"id":7583,"date":"2019-09-14T08:08:41","date_gmt":"2019-09-14T14:08:41","guid":{"rendered":"http:\/\/gobernacionaltaverapaz.gob.gt\/?p=7583"},"modified":"2019-09-17T08:47:35","modified_gmt":"2019-09-17T14:47:35","slug":"inauguracin-centro-comercial-paseo-candelaria","status":"publish","type":"post","link":"https:\/\/gobernacionaltaverapaz.gob.gt\/?p=7583","title":{"rendered":"Inauguraci\u00f3n de Centro Comercial &#8220;Paseo Candelaria&#8221;"},"content":{"rendered":"<p style=\"text-align: justify;\">Inauguraci\u00f3n del &#8220;Centro Comercial Paseo Candelaria, Tu Punto de Encuentro&#8221;, que viene hacer una nueva opci\u00f3n para todos los habitantes de Cob\u00e1n, quienes podr\u00e1n consumir productos de aqu\u00ed, como tambi\u00e9n productos de empresas que vienen a invertir y generar oportunidades de empleo en la regi\u00f3n de Cob\u00e1n.<\/p>\n<p style=\"text-align: justify;\">El centro comercial contar\u00e1 con m\u00e1s de 120 parqueos y con 7,000 m\u00b2 en construcci\u00f3n de locales, el centro comercial est<span class=\"textexposedshow\">ar\u00e1 abierto de lunes a domingo en horario de 10:00 A.M. en adelante.<\/span><\/p>\n<p style=\"text-align: justify;\">Participaron: autoridades del departamento, empresarios e invitados especiales.<\/p>\n<div><\/div>\n","protected":false},"excerpt":{"rendered":"<p>El centro comercial contar\u00e1 con m\u00e1s de 120 parqueos y con 7,000 m\u00b2 en construcci\u00f3n de locales, el centro comercial estar\u00e1 abierto de lunes a domingo en horario de 10:00 A.M. en adelante.<\/p>\n","protected":false},"author":1,"featured_media":7584,"comment_status":"closed","ping_status":"open","sticky":false,"template":"","format":"gallery","meta":[],"categories":[7],"tags":[178],"_links":{"self":[{"href":"https:\/\/gobernacionaltaverapaz.gob.gt\/index.php?rest_route=\/wp\/v2\/posts\/7583"}],"collection":[{"href":"https:\/\/gobernacionaltaverapaz.gob.gt\/index.php?rest_route=\/wp\/v2\/posts"}],"about":[{"href":"https:\/\/gobernacionaltaverapaz.gob.gt\/index.php?rest_route=\/wp\/v2\/types\/post"}],"author":[{"embeddable":true,"href":"https:\/\/gobernacionaltaverapaz.gob.gt\/index.php?rest_route=\/wp\/v2\/users\/1"}],"replies":[{"embeddable":true,"href":"https:\/\/gobernacionaltaverapaz.gob.gt\/index.php?rest_route=%2Fwp%2Fv2%2Fcomments&post=7583"}],"version-history":[{"count":5,"href":"https:\/\/gobernacionaltaverapaz.gob.gt\/index.php?rest_route=\/wp\/v2\/posts\/7583\/revisions"}],"predecessor-version":[{"id":7600,"href":"https:\/\/gobernacionaltaverapaz.gob.gt\/index.php?rest_route=\/wp\/v2\/posts\/7583\/revisions\/7600"}],"wp:featuredmedia":[{"embeddable":true,"href":"https:\/\/gobernacionaltaverapaz.gob.gt\/index.php?rest_route=\/wp\/v2\/media\/7584"}],"wp:attachment":[{"href":"https:\/\/gobernacionaltaverapaz.gob.gt\/index.php?rest_route=%2Fwp%2Fv2%2Fmedia&parent=7583"}],"wp:term":[{"taxonomy":"category","embeddable":true,"href":"https:\/\/gobernacionaltaverapaz.gob.gt\/index.php?rest_route=%2Fwp%2Fv2%2Fcategories&post=7583"},{"taxonomy":"post_tag","embeddable":true,"href":"https:\/\/gobernacionaltaverapaz.gob.gt\/index.php?rest_route=%2Fwp%2Fv2%2Ftags&post=7583"}],"curies":[{"name":"wp","href":"https:\/\/api.w.org\/{rel}","templated":true}]}}