{"id":7646,"date":"2019-09-16T14:34:06","date_gmt":"2019-09-16T20:34:06","guid":{"rendered":"http:\/\/gobernacionaltaverapaz.gob.gt\/?p=7646"},"modified":"2019-09-17T09:51:53","modified_gmt":"2019-09-17T15:51:53","slug":"actividades-de-los-198-aos-de-independencia-en-guatemala","status":"publish","type":"post","link":"https:\/\/gobernacionaltaverapaz.gob.gt\/?p=7646","title":{"rendered":"Actividades de los 198 a\u00f1os de Independencia en Guatemala"},"content":{"rendered":"<p style=\"text-align: justify;\">Gob. M.A. Erik Nolberto Guerrero Mili\u00e1n, con motivo de conmemorar los 198 a\u00f1os de Independencia Guatemalteca, en conjunto al comit\u00e9 de Pro-Festejos Patrios del Departamento de Alta Verapaz, se realizaron diversas actividades folkl\u00f3ricas y encendidos de antorchas a diversas delegaciones a la cabecera departamental.<\/p>\n<p style=\"text-align: justify;\">Luego se realiz\u00f3 la Izada del Pabell\u00f3n Nacional, realizado por los alumnos del Adolfo V. Hal<span class=\"textexposedshow\">l del Norte, en presencia de alumnos de centros educativos, autoridades de Gobierno, autoridades militares y civiles.<\/span><\/p>\n<p style=\"text-align: justify;\">En la misma Gobernador Departamental realiz\u00f3 la entrega de reconocimientos y declarar Ciudadanos Distinguidos de Alta Verapaz, a personajes que han obtenido logros en el deporte y reconocimiento a la gesti\u00f3n p\u00fablica, enalteciendo a Alta Verapaz, acto en la que se cambi\u00f3 la Rosa de la Paz.<\/p>\n<ul>\n<li style=\"text-align: justify;\">Byron Abel Ra\u00fal Hern\u00e1ndez Pacay, Instituto Emilio Rosales Ponce; Primer lugar en Olimpiadas Nacionales de Ciencias, disciplina de Matem\u00e1tica Diversificado, realizado en la ciudad Guatemala.<\/li>\n<li style=\"text-align: justify;\">Enrique Mes Botzoc, originario de San Juan Chamelco; Primer lugar en la categor\u00eda master, de la ultra marat\u00f3n de 50km, realizado en el municipio de Pueblo Vi\u00f1a del Departamento de Santa Rosa.<\/li>\n<li style=\"text-align: justify;\">Heiysson Adair Molina Hun, ha destacado a nivel Departamental, Nacional e Internacional en la disciplina deportiva de Ajedrez, poniendo en alto el nombre de nuestro Departamento y de Guatemala.<\/li>\n<li style=\"text-align: justify;\">\u00c1ngel Mario C\u00f3bar Oxom, ha destacado a nivel Departamental, Nacional e Internacional en la disciplina deportiva de Ajedrez, poniendo en alto el nombre de nuestro Departamento y de Guatemala.<\/li>\n<li style=\"text-align: justify;\">Jos\u00e9 Alejandro Barrondo Xuc, originario del municipio de San Crist\u00f3bal Verapaz; Segundo lugar en el evento de 20km marcha atl\u00e9tica de los Juegos Panamericano de Lima Per\u00fa 2019.<\/li>\n<li style=\"text-align: justify;\">Heylin Leticia Cuc Tarot de Jo, por su Trabajo de Tesis titulada &#8220;Propuesta de Conservaci\u00f3n del Palacio de Gobernaci\u00f3n Departamental, Cob\u00e1n Alta Verapaz y An\u00e1lisis del Entorno Inmediato&#8221;.<\/li>\n<li style=\"text-align: justify;\">Jorge Alberto Coy Coy, ha realizado aporte significativos al deporte, especialmente en el atletismo, descubriendo y formando atletas que han destacado a nivel Nacional e Internacional.<\/li>\n<li style=\"text-align: justify;\">Claudia Marina Ram\u00edrez Paredes, ha realizado aportes significativos en la reconstrucci\u00f3n y administraci\u00f3n del Centro de Atenci\u00f3n Integral del municipio de Cob\u00e1n. Acciones que han contribuido a mejorar la calidad de vida y brindar un mejor servicio a los ni\u00f1os usuarios del centro en menci\u00f3n.<\/li>\n<\/ul>\n<div><\/div>\n","protected":false},"excerpt":{"rendered":"<p>Se realizaron diversas actividades folkl\u00f3ricas y encendidos de antorchas a diversas delegaciones a la cabecera departamental.<\/p>\n","protected":false},"author":1,"featured_media":7648,"comment_status":"closed","ping_status":"open","sticky":false,"template":"","format":"gallery","meta":[],"categories":[183],"tags":[178],"_links":{"self":[{"href":"https:\/\/gobernacionaltaverapaz.gob.gt\/index.php?rest_route=\/wp\/v2\/posts\/7646"}],"collection":[{"href":"https:\/\/gobernacionaltaverapaz.gob.gt\/index.php?rest_route=\/wp\/v2\/posts"}],"about":[{"href":"https:\/\/gobernacionaltaverapaz.gob.gt\/index.php?rest_route=\/wp\/v2\/types\/post"}],"author":[{"embeddable":true,"href":"https:\/\/gobernacionaltaverapaz.gob.gt\/index.php?rest_route=\/wp\/v2\/users\/1"}],"replies":[{"embeddable":true,"href":"https:\/\/gobernacionaltaverapaz.gob.gt\/index.php?rest_route=%2Fwp%2Fv2%2Fcomments&post=7646"}],"version-history":[{"count":2,"href":"https:\/\/gobernacionaltaverapaz.gob.gt\/index.php?rest_route=\/wp\/v2\/posts\/7646\/revisions"}],"predecessor-version":[{"id":7690,"href":"https:\/\/gobernacionaltaverapaz.gob.gt\/index.php?rest_route=\/wp\/v2\/posts\/7646\/revisions\/7690"}],"wp:featuredmedia":[{"embeddable":true,"href":"https:\/\/gobernacionaltaverapaz.gob.gt\/index.php?rest_route=\/wp\/v2\/media\/7648"}],"wp:attachment":[{"href":"https:\/\/gobernacionaltaverapaz.gob.gt\/index.php?rest_route=%2Fwp%2Fv2%2Fmedia&parent=7646"}],"wp:term":[{"taxonomy":"category","embeddable":true,"href":"https:\/\/gobernacionaltaverapaz.gob.gt\/index.php?rest_route=%2Fwp%2Fv2%2Fcategories&post=7646"},{"taxonomy":"post_tag","embeddable":true,"href":"https:\/\/gobernacionaltaverapaz.gob.gt\/index.php?rest_route=%2Fwp%2Fv2%2Ftags&post=7646"}],"curies":[{"name":"wp","href":"https:\/\/api.w.org\/{rel}","templated":true}]}}