{"id":7691,"date":"2019-09-17T08:02:00","date_gmt":"2019-09-17T14:02:00","guid":{"rendered":"http:\/\/gobernacionaltaverapaz.gob.gt\/?p=7691"},"modified":"2019-09-17T10:30:58","modified_gmt":"2019-09-17T16:30:58","slug":"desfile-de-independencia-de-los-198-aniversario-av","status":"publish","type":"post","link":"https:\/\/gobernacionaltaverapaz.gob.gt\/?p=7691","title":{"rendered":"Desfile de Independencia de los 198 Aniversario, A.V."},"content":{"rendered":"<p style=\"text-align: justify;\">Gob. M.A. Erik Nolberto Guerrero Mili\u00e1n, particip\u00f3 en el desfile c\u00edvico en conmemoraci\u00f3n a los 198 a\u00f1os de Independencia, donde los estudiantes de los diferentes centros educativos p\u00fablicos y privados desfilaron con sus mejores galas.<\/p>\n<p style=\"text-align: justify;\">Frente al palacio de Gobernaci\u00f3n Departamental de Alta Verapaz, Gobernador y autoridades del departamento, saludaron desde la tarima el paso de los estudiantes y corresponder<span class=\"textexposedshow\"> al saludo respectivo.<\/span><\/p>\n<div><\/div>\n","protected":false},"excerpt":{"rendered":"<p>Donde los estudiantes de los diferentes centros educativos p\u00fablicos y privados desfilaron con sus mejores galas.<\/p>\n","protected":false},"author":1,"featured_media":7692,"comment_status":"closed","ping_status":"open","sticky":false,"template":"","format":"gallery","meta":[],"categories":[183],"tags":[178],"_links":{"self":[{"href":"https:\/\/gobernacionaltaverapaz.gob.gt\/index.php?rest_route=\/wp\/v2\/posts\/7691"}],"collection":[{"href":"https:\/\/gobernacionaltaverapaz.gob.gt\/index.php?rest_route=\/wp\/v2\/posts"}],"about":[{"href":"https:\/\/gobernacionaltaverapaz.gob.gt\/index.php?rest_route=\/wp\/v2\/types\/post"}],"author":[{"embeddable":true,"href":"https:\/\/gobernacionaltaverapaz.gob.gt\/index.php?rest_route=\/wp\/v2\/users\/1"}],"replies":[{"embeddable":true,"href":"https:\/\/gobernacionaltaverapaz.gob.gt\/index.php?rest_route=%2Fwp%2Fv2%2Fcomments&post=7691"}],"version-history":[{"count":2,"href":"https:\/\/gobernacionaltaverapaz.gob.gt\/index.php?rest_route=\/wp\/v2\/posts\/7691\/revisions"}],"predecessor-version":[{"id":7720,"href":"https:\/\/gobernacionaltaverapaz.gob.gt\/index.php?rest_route=\/wp\/v2\/posts\/7691\/revisions\/7720"}],"wp:featuredmedia":[{"embeddable":true,"href":"https:\/\/gobernacionaltaverapaz.gob.gt\/index.php?rest_route=\/wp\/v2\/media\/7692"}],"wp:attachment":[{"href":"https:\/\/gobernacionaltaverapaz.gob.gt\/index.php?rest_route=%2Fwp%2Fv2%2Fmedia&parent=7691"}],"wp:term":[{"taxonomy":"category","embeddable":true,"href":"https:\/\/gobernacionaltaverapaz.gob.gt\/index.php?rest_route=%2Fwp%2Fv2%2Fcategories&post=7691"},{"taxonomy":"post_tag","embeddable":true,"href":"https:\/\/gobernacionaltaverapaz.gob.gt\/index.php?rest_route=%2Fwp%2Fv2%2Ftags&post=7691"}],"curies":[{"name":"wp","href":"https:\/\/api.w.org\/{rel}","templated":true}]}}