{"id":7748,"date":"2019-09-18T17:22:27","date_gmt":"2019-09-18T23:22:27","guid":{"rendered":"http:\/\/gobernacionaltaverapaz.gob.gt\/?p=7748"},"modified":"2019-09-19T09:24:01","modified_gmt":"2019-09-19T15:24:01","slug":"inauguracin-juegos-escolares-regionales-categora-juvenil-2019","status":"publish","type":"post","link":"https:\/\/gobernacionaltaverapaz.gob.gt\/?p=7748","title":{"rendered":"Inauguraci\u00f3n Juegos Escolares Regionales Categor\u00eda Juvenil 2019"},"content":{"rendered":"<p style=\"text-align: justify;\">Dentro del Instituto Nacional de la Juventud de Alta Verapaz -INJAV-, se dio por inaugurado los &#8220;Juegos Escolares Regionales Categor\u00eda Juvenil 2019&#8221;, sede en Alta Verapaz, donde participan un aproximado de 400 j\u00f3venes provenientes de; Baja Verapaz, Izabal, Pet\u00e9n y Alta Verapaz.<\/p>\n<p style=\"text-align: justify;\">Deportes a practicar; Baloncesto, voleibol, balonmano, f\u00fatbol 11 y F\u00fatbol Sala, todos ellos en ambas ramas, los cuales se desarrollar\u00e1n en las fechas 17, 18 y 19 de Septiembre del presente a\u00f1o.<\/p>\n<p style=\"text-align: justify;\">Gob. M.A Erik Nolberto Guerrero Mili\u00e1n, detall\u00f3; \u201cLa f\u00f3rmula del \u00e9xito, seg\u00fan una investigaci\u00f3n de la Universidad de Illinois es E=3D; Deseo, Determinaci\u00f3n y Disciplinas, f\u00f3rmula que los tiene a ustedes en el deporte que desempe\u00f1an\u201d, por \u00faltimo a\u00f1adi\u00f3 \u201cMe han concedido por parte de la organizaci\u00f3n, dar por inaugurada los Juegos Escolares Regionales de la Categor\u00eda Juvenil 2019, \u00a1fuertes aplausos para usted!\u201d.<\/p>\n<p style=\"text-align: justify;\">Presentes; Alcalde Municipal de Cob\u00e1n, Representante de DIGEF. Director Departamental de Educaci\u00f3n F\u00edsica, Representantes de CONADER.<\/p>\n<div><\/div>\n","protected":false},"excerpt":{"rendered":"<p>Donde participan un aproximado de 400 j\u00f3venes provenientes de; Baja Verapaz, Izabal, Pet\u00e9n y Alta Verapaz.<\/p>\n","protected":false},"author":1,"featured_media":7749,"comment_status":"closed","ping_status":"open","sticky":false,"template":"","format":"gallery","meta":[],"categories":[177],"tags":[178],"_links":{"self":[{"href":"https:\/\/gobernacionaltaverapaz.gob.gt\/index.php?rest_route=\/wp\/v2\/posts\/7748"}],"collection":[{"href":"https:\/\/gobernacionaltaverapaz.gob.gt\/index.php?rest_route=\/wp\/v2\/posts"}],"about":[{"href":"https:\/\/gobernacionaltaverapaz.gob.gt\/index.php?rest_route=\/wp\/v2\/types\/post"}],"author":[{"embeddable":true,"href":"https:\/\/gobernacionaltaverapaz.gob.gt\/index.php?rest_route=\/wp\/v2\/users\/1"}],"replies":[{"embeddable":true,"href":"https:\/\/gobernacionaltaverapaz.gob.gt\/index.php?rest_route=%2Fwp%2Fv2%2Fcomments&post=7748"}],"version-history":[{"count":2,"href":"https:\/\/gobernacionaltaverapaz.gob.gt\/index.php?rest_route=\/wp\/v2\/posts\/7748\/revisions"}],"predecessor-version":[{"id":7762,"href":"https:\/\/gobernacionaltaverapaz.gob.gt\/index.php?rest_route=\/wp\/v2\/posts\/7748\/revisions\/7762"}],"wp:featuredmedia":[{"embeddable":true,"href":"https:\/\/gobernacionaltaverapaz.gob.gt\/index.php?rest_route=\/wp\/v2\/media\/7749"}],"wp:attachment":[{"href":"https:\/\/gobernacionaltaverapaz.gob.gt\/index.php?rest_route=%2Fwp%2Fv2%2Fmedia&parent=7748"}],"wp:term":[{"taxonomy":"category","embeddable":true,"href":"https:\/\/gobernacionaltaverapaz.gob.gt\/index.php?rest_route=%2Fwp%2Fv2%2Fcategories&post=7748"},{"taxonomy":"post_tag","embeddable":true,"href":"https:\/\/gobernacionaltaverapaz.gob.gt\/index.php?rest_route=%2Fwp%2Fv2%2Ftags&post=7748"}],"curies":[{"name":"wp","href":"https:\/\/api.w.org\/{rel}","templated":true}]}}