{"id":7785,"date":"2019-09-23T13:30:23","date_gmt":"2019-09-23T19:30:23","guid":{"rendered":"http:\/\/gobernacionaltaverapaz.gob.gt\/?p=7785"},"modified":"2019-09-23T15:03:43","modified_gmt":"2019-09-23T21:03:43","slug":"reina-nacional-de-las-fiestas-de-independencia-20192020","status":"publish","type":"post","link":"https:\/\/gobernacionaltaverapaz.gob.gt\/?p=7785","title":{"rendered":"Reina Nacional de las Fiestas de Independencia 2019-2020"},"content":{"rendered":"<p style=\"text-align: justify;\">El pasado 13 de septiembre en el Departamento de Quetzaltenango, se realiz\u00f3 la elecci\u00f3n de Reina Nacional de las Fiestas de Independencia 2019 &#8211; 2020, con 22 participantes a nivel nacional.<\/p>\n<p style=\"text-align: justify;\">Mar\u00eda Fernanda Mili\u00e1n Sili\u00e9zar, representante de Alta Verapaz, quien logro consagrarse Reina Nacional de las Fiestas de Independencia 2019-2020; la municipalidad de Cob\u00e1n, organizo y brindo la bienvenida a la cabecera departamental, con participaci\u00f3n del Gobernador M.A. Erik Nolberto Guerrero Mili\u00e1n, se realiz\u00f3 caravana y m\u00fasica en vivo para la recepci\u00f3n de dicha corona en el departamento.<\/p>\n<p style=\"text-align: justify;\">En el evento se entreg\u00f3 la corona n\u00famero 68 y la quinta para Alta Verapaz.<\/p>\n<div><\/div>\n<p>&nbsp;<\/p>\n","protected":false},"excerpt":{"rendered":"<p>En el evento se entreg\u00f3 la corona n\u00famero 68 y la quinta para Alta Verapaz.<\/p>\n","protected":false},"author":1,"featured_media":7786,"comment_status":"closed","ping_status":"open","sticky":false,"template":"","format":"gallery","meta":[],"categories":[183],"tags":[178],"_links":{"self":[{"href":"https:\/\/gobernacionaltaverapaz.gob.gt\/index.php?rest_route=\/wp\/v2\/posts\/7785"}],"collection":[{"href":"https:\/\/gobernacionaltaverapaz.gob.gt\/index.php?rest_route=\/wp\/v2\/posts"}],"about":[{"href":"https:\/\/gobernacionaltaverapaz.gob.gt\/index.php?rest_route=\/wp\/v2\/types\/post"}],"author":[{"embeddable":true,"href":"https:\/\/gobernacionaltaverapaz.gob.gt\/index.php?rest_route=\/wp\/v2\/users\/1"}],"replies":[{"embeddable":true,"href":"https:\/\/gobernacionaltaverapaz.gob.gt\/index.php?rest_route=%2Fwp%2Fv2%2Fcomments&post=7785"}],"version-history":[{"count":2,"href":"https:\/\/gobernacionaltaverapaz.gob.gt\/index.php?rest_route=\/wp\/v2\/posts\/7785\/revisions"}],"predecessor-version":[{"id":7792,"href":"https:\/\/gobernacionaltaverapaz.gob.gt\/index.php?rest_route=\/wp\/v2\/posts\/7785\/revisions\/7792"}],"wp:featuredmedia":[{"embeddable":true,"href":"https:\/\/gobernacionaltaverapaz.gob.gt\/index.php?rest_route=\/wp\/v2\/media\/7786"}],"wp:attachment":[{"href":"https:\/\/gobernacionaltaverapaz.gob.gt\/index.php?rest_route=%2Fwp%2Fv2%2Fmedia&parent=7785"}],"wp:term":[{"taxonomy":"category","embeddable":true,"href":"https:\/\/gobernacionaltaverapaz.gob.gt\/index.php?rest_route=%2Fwp%2Fv2%2Fcategories&post=7785"},{"taxonomy":"post_tag","embeddable":true,"href":"https:\/\/gobernacionaltaverapaz.gob.gt\/index.php?rest_route=%2Fwp%2Fv2%2Ftags&post=7785"}],"curies":[{"name":"wp","href":"https:\/\/api.w.org\/{rel}","templated":true}]}}