{"id":7800,"date":"2019-09-24T11:20:44","date_gmt":"2019-09-24T17:20:44","guid":{"rendered":"http:\/\/gobernacionaltaverapaz.gob.gt\/?p=7800"},"modified":"2019-09-25T09:17:55","modified_gmt":"2019-09-25T15:17:55","slug":"entrega-oficial-del-sistema-nico-de-informacin-sui","status":"publish","type":"post","link":"https:\/\/gobernacionaltaverapaz.gob.gt\/?p=7800","title":{"rendered":"Entrega Oficial del Sistema \u00danico de Informaci\u00f3n -SUI-"},"content":{"rendered":"<p style=\"text-align: justify;\">En un acto protocolario, Fosit-GIZ realiz\u00f3 la entrega de la contrase\u00f1a del Sistema \u00danico de Informaci\u00f3n -SUI-, al Gobernador Departamental de Alta Verapaz, M.A. Erik Nolberto Guerrero Mili\u00e1n, con el objetivo de fortalecer la gobernabilidad dentro del departamento, la atenci\u00f3n a la conflictividad y el trabajo interinstitucional.<\/p>\n<p style=\"text-align: justify;\">El apoyo t\u00e9cnico para crear el sistema se coordin\u00f3 con talleres a los sectores de; ed<span class=\"textexposedshow\">ucaci\u00f3n, Salud, MAGA, SAA, MARN, Fondo de Tierras, RIC y la Comisi\u00f3n de Seguridad Publica y Ciudadana del departamento, con el aporte econ\u00f3mico de Fosit-GIZ y apoyo de la Comisi\u00f3n Agraria Departamental -CAD-.<\/span><\/p>\n<p style=\"text-align: justify;\">El SUI una herramienta digital, donde se podr\u00e1 concentrar los casos de Conflictividad en el departamento en tiempo real, con esto aportar de manera precisa a la instituci\u00f3n de Estado pertinente al caso expuesto en pronta reacci\u00f3n y acci\u00f3n al mismo.<\/p>\n<p style=\"text-align: justify;\">La herramienta ser\u00e1 alimentada por t\u00e9cnicos de las instituciones responsables a los casos presentes, comisi\u00f3n agraria regional y t\u00e9cnicos de las 17 municipalidades del departamento.<\/p>\n<p style=\"text-align: justify;\">Participaron; Alcaldes Electos 2020 &#8211; 2024, Fosit-GIZ, Instituciones de Estado.<\/p>\n<div><\/div>\n","protected":false},"excerpt":{"rendered":"<p>Con el objetivo de fortalecer la gobernabilidad dentro del departamento, la atenci\u00f3n a la conflictividad y el trabajo interinstitucional.<\/p>\n","protected":false},"author":1,"featured_media":7801,"comment_status":"closed","ping_status":"open","sticky":false,"template":"","format":"gallery","meta":[],"categories":[191],"tags":[178],"_links":{"self":[{"href":"https:\/\/gobernacionaltaverapaz.gob.gt\/index.php?rest_route=\/wp\/v2\/posts\/7800"}],"collection":[{"href":"https:\/\/gobernacionaltaverapaz.gob.gt\/index.php?rest_route=\/wp\/v2\/posts"}],"about":[{"href":"https:\/\/gobernacionaltaverapaz.gob.gt\/index.php?rest_route=\/wp\/v2\/types\/post"}],"author":[{"embeddable":true,"href":"https:\/\/gobernacionaltaverapaz.gob.gt\/index.php?rest_route=\/wp\/v2\/users\/1"}],"replies":[{"embeddable":true,"href":"https:\/\/gobernacionaltaverapaz.gob.gt\/index.php?rest_route=%2Fwp%2Fv2%2Fcomments&post=7800"}],"version-history":[{"count":3,"href":"https:\/\/gobernacionaltaverapaz.gob.gt\/index.php?rest_route=\/wp\/v2\/posts\/7800\/revisions"}],"predecessor-version":[{"id":7813,"href":"https:\/\/gobernacionaltaverapaz.gob.gt\/index.php?rest_route=\/wp\/v2\/posts\/7800\/revisions\/7813"}],"wp:featuredmedia":[{"embeddable":true,"href":"https:\/\/gobernacionaltaverapaz.gob.gt\/index.php?rest_route=\/wp\/v2\/media\/7801"}],"wp:attachment":[{"href":"https:\/\/gobernacionaltaverapaz.gob.gt\/index.php?rest_route=%2Fwp%2Fv2%2Fmedia&parent=7800"}],"wp:term":[{"taxonomy":"category","embeddable":true,"href":"https:\/\/gobernacionaltaverapaz.gob.gt\/index.php?rest_route=%2Fwp%2Fv2%2Fcategories&post=7800"},{"taxonomy":"post_tag","embeddable":true,"href":"https:\/\/gobernacionaltaverapaz.gob.gt\/index.php?rest_route=%2Fwp%2Fv2%2Ftags&post=7800"}],"curies":[{"name":"wp","href":"https:\/\/api.w.org\/{rel}","templated":true}]}}