{"id":7814,"date":"2019-09-24T13:50:04","date_gmt":"2019-09-24T19:50:04","guid":{"rendered":"http:\/\/gobernacionaltaverapaz.gob.gt\/?p=7814"},"modified":"2019-09-25T10:39:39","modified_gmt":"2019-09-25T16:39:39","slug":"aniversario-centro-don-bosco","status":"publish","type":"post","link":"https:\/\/gobernacionaltaverapaz.gob.gt\/?p=7814","title":{"rendered":"Aniversario Centro Don Bosco"},"content":{"rendered":"<p style=\"text-align: justify;\">Dentro de las instalaciones del Centro Don Bosco del municipio de San Juan Chamelco se realiz\u00f3 la celebraci\u00f3n de su X Aniversario de este centro educativo no gubernamental.<\/p>\n<p style=\"text-align: justify;\">Para ello se realiz\u00f3 la &#8220;1era. Edici\u00f3n de la Carrera 9k&#8221;, donde Gobernador M.A. Erik Nolberto Guerrero Milian, dio el banderazo de salida para los estudiantes, maestros y personal administrativo, todos ellos haciendo un total de<span class=\"textexposedshow\"> 420 atletas, recorriendo las principales calles del municipio de San Juan Chamelco.<\/span><\/p>\n<p style=\"text-align: justify;\">Su actividad principal es proporcionar servicios educativos gratuitos, tanto en educaci\u00f3n formal (B\u00e1sico y Bachillerato en Ciencias y Letras), como en Capacitaci\u00f3n para el Trabajo (Talleres de Formaci\u00f3n Ocupacional).<\/p>\n<div><\/div>\n","protected":false},"excerpt":{"rendered":"<p>Se realiz\u00f3 la celebraci\u00f3n de su X Aniversario de este centro educativo no gubernamental.<\/p>\n","protected":false},"author":1,"featured_media":7815,"comment_status":"closed","ping_status":"open","sticky":false,"template":"","format":"gallery","meta":[],"categories":[183],"tags":[178],"_links":{"self":[{"href":"https:\/\/gobernacionaltaverapaz.gob.gt\/index.php?rest_route=\/wp\/v2\/posts\/7814"}],"collection":[{"href":"https:\/\/gobernacionaltaverapaz.gob.gt\/index.php?rest_route=\/wp\/v2\/posts"}],"about":[{"href":"https:\/\/gobernacionaltaverapaz.gob.gt\/index.php?rest_route=\/wp\/v2\/types\/post"}],"author":[{"embeddable":true,"href":"https:\/\/gobernacionaltaverapaz.gob.gt\/index.php?rest_route=\/wp\/v2\/users\/1"}],"replies":[{"embeddable":true,"href":"https:\/\/gobernacionaltaverapaz.gob.gt\/index.php?rest_route=%2Fwp%2Fv2%2Fcomments&post=7814"}],"version-history":[{"count":2,"href":"https:\/\/gobernacionaltaverapaz.gob.gt\/index.php?rest_route=\/wp\/v2\/posts\/7814\/revisions"}],"predecessor-version":[{"id":7836,"href":"https:\/\/gobernacionaltaverapaz.gob.gt\/index.php?rest_route=\/wp\/v2\/posts\/7814\/revisions\/7836"}],"wp:featuredmedia":[{"embeddable":true,"href":"https:\/\/gobernacionaltaverapaz.gob.gt\/index.php?rest_route=\/wp\/v2\/media\/7815"}],"wp:attachment":[{"href":"https:\/\/gobernacionaltaverapaz.gob.gt\/index.php?rest_route=%2Fwp%2Fv2%2Fmedia&parent=7814"}],"wp:term":[{"taxonomy":"category","embeddable":true,"href":"https:\/\/gobernacionaltaverapaz.gob.gt\/index.php?rest_route=%2Fwp%2Fv2%2Fcategories&post=7814"},{"taxonomy":"post_tag","embeddable":true,"href":"https:\/\/gobernacionaltaverapaz.gob.gt\/index.php?rest_route=%2Fwp%2Fv2%2Ftags&post=7814"}],"curies":[{"name":"wp","href":"https:\/\/api.w.org\/{rel}","templated":true}]}}