{"id":7837,"date":"2019-09-24T16:40:59","date_gmt":"2019-09-24T22:40:59","guid":{"rendered":"http:\/\/gobernacionaltaverapaz.gob.gt\/?p=7837"},"modified":"2019-09-25T10:51:22","modified_gmt":"2019-09-25T16:51:22","slug":"celebracin-de-resultados-2019","status":"publish","type":"post","link":"https:\/\/gobernacionaltaverapaz.gob.gt\/?p=7837","title":{"rendered":"Celebraci\u00f3n de Resultados 2019"},"content":{"rendered":"<p style=\"text-align: justify;\">La Fundaci\u00f3n para el Desarrollo y Educaci\u00f3n de la Mujer Ind\u00edgena FUNDEMI-TALITA KUMI, realiz\u00f3 acto protocolario para la &#8220;Celebraci\u00f3n de Resultados 2019&#8221; dentro del audit\u00f3rium P. Luis Ricardo Chinchilla, Talita Kumi, Carch\u00e1 Alta Verapaz.<\/p>\n<p style=\"text-align: justify;\">El programa de educaci\u00f3n del nivel medio &#8220;Transformando, la Finca Humana&#8221;; participan 64% mujeres ind\u00edgenas de \u00e1reas rurales y 31,352 j\u00f3venes atendidos desde 1992 con el <span class=\"textexposedshow\">programa de educaci\u00f3n del nivel medio, un crecimiento en los \u00faltimos a\u00f1os del ciclo diversificado 2013 con 64 participantes y 2019 con 733 participantes, mientras las internadas en el 2013 con 330 participantes y 2019 con 718 participantes.<\/span><\/p>\n<p style=\"text-align: justify;\">Esparci\u00e9ndose a 36 municipios en 5 departamentos de Guatemala, aportando a la educaci\u00f3n a 1,500 comunidades rurales y un aproximado de 500,000 personas.<\/p>\n<p style=\"text-align: justify;\">Con servicios educativos de; Preprimaria, programa de educaci\u00f3n formal ciclo b\u00e1sico y diversificado y educaci\u00f3n superior.<\/p>\n<p style=\"text-align: justify;\">Una organizaci\u00f3n no lucrativa, ejecutora de programas y proyectos de salud, educaci\u00f3n y desarrollo econ\u00f3mico, dirigidos a familias de comunidades rurales que viven en situaci\u00f3n de pobreza y pobreza extrema. Su \u00e9nfasis de trabajo est\u00e1 orientado al desarrollo de la mujer.<\/p>\n<p style=\"text-align: justify;\">Presentes; Lic. Oscar Hugo L\u00f3pez Rivas, Ministro de Educaci\u00f3n; M.A. Erik Nolberto Guerrero Mili\u00e1n, Gobernador Departamental de Alta Verapaz; Lic. Erwin Alfonso Cat\u00fan Maqu\u00edn, Alcalde de San Pedro Carch\u00e1; Hna. Zoila Caal Cacao, Presidenta de FUNDEMI TALITA KUMI; Lic. Jos\u00e9 Armando Tzul Sagu\u00ed, Gerente General de FUNDEMI TALITA KUMI; Lic. Edgar Chen Bac, Director Departamental de Alta Verapaz; Haroldo Quej Chen, Diputado; Carlos Enrique Chavarr\u00eda P\u00e9rez, Diputado; Diputados Electos para el periodo 2020-2024.<\/p>\n<div><\/div>\n","protected":false},"excerpt":{"rendered":"<p>Acto protocolario para la &#8220;Celebraci\u00f3n de Resultados 2019&#8221; dentro del audit\u00f3rium P. Luis Ricardo Chinchilla, Talita Kumi, Carch\u00e1 Alta Verapaz.<\/p>\n","protected":false},"author":1,"featured_media":7852,"comment_status":"closed","ping_status":"open","sticky":false,"template":"","format":"gallery","meta":[],"categories":[2],"tags":[178],"_links":{"self":[{"href":"https:\/\/gobernacionaltaverapaz.gob.gt\/index.php?rest_route=\/wp\/v2\/posts\/7837"}],"collection":[{"href":"https:\/\/gobernacionaltaverapaz.gob.gt\/index.php?rest_route=\/wp\/v2\/posts"}],"about":[{"href":"https:\/\/gobernacionaltaverapaz.gob.gt\/index.php?rest_route=\/wp\/v2\/types\/post"}],"author":[{"embeddable":true,"href":"https:\/\/gobernacionaltaverapaz.gob.gt\/index.php?rest_route=\/wp\/v2\/users\/1"}],"replies":[{"embeddable":true,"href":"https:\/\/gobernacionaltaverapaz.gob.gt\/index.php?rest_route=%2Fwp%2Fv2%2Fcomments&post=7837"}],"version-history":[{"count":2,"href":"https:\/\/gobernacionaltaverapaz.gob.gt\/index.php?rest_route=\/wp\/v2\/posts\/7837\/revisions"}],"predecessor-version":[{"id":7857,"href":"https:\/\/gobernacionaltaverapaz.gob.gt\/index.php?rest_route=\/wp\/v2\/posts\/7837\/revisions\/7857"}],"wp:featuredmedia":[{"embeddable":true,"href":"https:\/\/gobernacionaltaverapaz.gob.gt\/index.php?rest_route=\/wp\/v2\/media\/7852"}],"wp:attachment":[{"href":"https:\/\/gobernacionaltaverapaz.gob.gt\/index.php?rest_route=%2Fwp%2Fv2%2Fmedia&parent=7837"}],"wp:term":[{"taxonomy":"category","embeddable":true,"href":"https:\/\/gobernacionaltaverapaz.gob.gt\/index.php?rest_route=%2Fwp%2Fv2%2Fcategories&post=7837"},{"taxonomy":"post_tag","embeddable":true,"href":"https:\/\/gobernacionaltaverapaz.gob.gt\/index.php?rest_route=%2Fwp%2Fv2%2Ftags&post=7837"}],"curies":[{"name":"wp","href":"https:\/\/api.w.org\/{rel}","templated":true}]}}