{"id":7858,"date":"2019-09-25T11:00:46","date_gmt":"2019-09-25T17:00:46","guid":{"rendered":"http:\/\/gobernacionaltaverapaz.gob.gt\/?p=7858"},"modified":"2019-09-25T11:04:54","modified_gmt":"2019-09-25T17:04:54","slug":"foro-pblico-uniendo-voces-por-el-desarrollo-econmico-de-las-mujeres","status":"publish","type":"post","link":"https:\/\/gobernacionaltaverapaz.gob.gt\/?p=7858","title":{"rendered":"Foro P\u00fablico &#8220;Uniendo Voces por el Desarrollo Econ\u00f3mico de las Mujeres&#8221;"},"content":{"rendered":"<p style=\"text-align: justify;\">Se realiz\u00f3 por medio del Centro de Investigaci\u00f3n, Capacitaci\u00f3n y Apoyo a la Mujer, <a href=\"https:\/\/www.facebook.com\/cicam.guatemala\/?fref=mentions&amp;__xts__%5B0%5D=68.ARCYyQ86J3YF0whywD8Wq6f-mbh5Leh8udcm5v9EjJ5EtKs80Ct6-K2XibhDs-UHY3J7MgJBIV3MFCbX3j4ZScthUdH4T5MwKq9Yzn6kvDnXxXrbuTDM-aWoXWNFk_3oCl5VIal9iJwTSvMT_B2Xrayqwn0QJHuTKVNTCf7-WZ9wHa_c2tpwEFBKO4xmea31jz1B5P9l5kjkI2kCdyYhZ7o3jOoWhw9zKLPU-HgEB_oXM3N95ky69pX9_c90_O2nJ_Z1ZavAJ69GtDb5M367YxuinZhEetF8E87vfifcRCvVbUaqVccVH8I3KjjSs5gpWPnUOYonOi2Ehoc6xEKTYE4&amp;__tn__=K-R\" target=\"_blank\" rel=\"noopener\">CICAM, Guatemala<\/a>, el foro P\u00fablico denominado &#8220;Uniendo Voces por el Desarrollo Econ\u00f3mico de las Mujeres&#8221;, as\u00ed mismo socializar la iniciativa de Ley 5452 de Desarrollo Econ\u00f3mico de las Mujeres.<\/p>\n<p style=\"text-align: justify;\">Con esto dar a conocer estrategias y programas a favor del desarrollo econ\u00f3mico de las mujeres que se tenga contemplado den<span class=\"textexposedshow\">tro de las funciones de Gobernaci\u00f3n en el Departamento de Alta Verapaz.<\/span><\/p>\n<p style=\"text-align: justify;\">Participaron alrededor de 35 mujeres l\u00edderes de los diferentes municipios, Gobernador M.A. Erik Nolberto Guerrero Mili\u00e1n, junto a integrantes de la corporaci\u00f3n municipal de San Pedro Carch\u00e1 para el periodo 2020-2024, asistieron para dialogar y expresar las diferentes acciones que se realizan y se accionaran en los municipios y departamento.<\/p>\n<p style=\"text-align: justify;\">CICAM, trabaja con grupo de mujeres provenientes de Lanqu\u00edn, San Crist\u00f3bal Verapaz, Santa Cruz Verapaz, Chamelco, Carch\u00e1 y Cob\u00e1n.<\/p>\n<div><\/div>\n","protected":false},"excerpt":{"rendered":"<p>Con esto dar a conocer estrategias y programas a favor del desarrollo econ\u00f3mico de las mujeres que se tenga contemplado dentro de las funciones de Gobernaci\u00f3n en el Departamento de Alta Verapaz.<\/p>\n","protected":false},"author":1,"featured_media":7862,"comment_status":"closed","ping_status":"open","sticky":false,"template":"","format":"standard","meta":[],"categories":[7],"tags":[178],"_links":{"self":[{"href":"https:\/\/gobernacionaltaverapaz.gob.gt\/index.php?rest_route=\/wp\/v2\/posts\/7858"}],"collection":[{"href":"https:\/\/gobernacionaltaverapaz.gob.gt\/index.php?rest_route=\/wp\/v2\/posts"}],"about":[{"href":"https:\/\/gobernacionaltaverapaz.gob.gt\/index.php?rest_route=\/wp\/v2\/types\/post"}],"author":[{"embeddable":true,"href":"https:\/\/gobernacionaltaverapaz.gob.gt\/index.php?rest_route=\/wp\/v2\/users\/1"}],"replies":[{"embeddable":true,"href":"https:\/\/gobernacionaltaverapaz.gob.gt\/index.php?rest_route=%2Fwp%2Fv2%2Fcomments&post=7858"}],"version-history":[{"count":2,"href":"https:\/\/gobernacionaltaverapaz.gob.gt\/index.php?rest_route=\/wp\/v2\/posts\/7858\/revisions"}],"predecessor-version":[{"id":7872,"href":"https:\/\/gobernacionaltaverapaz.gob.gt\/index.php?rest_route=\/wp\/v2\/posts\/7858\/revisions\/7872"}],"wp:featuredmedia":[{"embeddable":true,"href":"https:\/\/gobernacionaltaverapaz.gob.gt\/index.php?rest_route=\/wp\/v2\/media\/7862"}],"wp:attachment":[{"href":"https:\/\/gobernacionaltaverapaz.gob.gt\/index.php?rest_route=%2Fwp%2Fv2%2Fmedia&parent=7858"}],"wp:term":[{"taxonomy":"category","embeddable":true,"href":"https:\/\/gobernacionaltaverapaz.gob.gt\/index.php?rest_route=%2Fwp%2Fv2%2Fcategories&post=7858"},{"taxonomy":"post_tag","embeddable":true,"href":"https:\/\/gobernacionaltaverapaz.gob.gt\/index.php?rest_route=%2Fwp%2Fv2%2Ftags&post=7858"}],"curies":[{"name":"wp","href":"https:\/\/api.w.org\/{rel}","templated":true}]}}