{"id":7873,"date":"2019-09-25T11:30:34","date_gmt":"2019-09-25T17:30:34","guid":{"rendered":"http:\/\/gobernacionaltaverapaz.gob.gt\/?p=7873"},"modified":"2019-09-26T08:06:24","modified_gmt":"2019-09-26T14:06:24","slug":"encuentro-nacional-de-pastoral-vocacional-dicesis-de-la-verapaz","status":"publish","type":"post","link":"https:\/\/gobernacionaltaverapaz.gob.gt\/?p=7873","title":{"rendered":"Encuentro Nacional de Pastoral Vocacional, Di\u00f3cesis de la Verapaz"},"content":{"rendered":"<p style=\"text-align: justify;\">En la cabecera departamental de Alta Verapaz, se realiza el Encuentro Nacional de Pastoral Vocacional, organizada por la Di\u00f3cesis de la Verapaz, donde participan las delegaciones de las di\u00f3cesis de Guatemala, realizada una vez al a\u00f1o, con sede rotativa.<\/p>\n<p style=\"text-align: justify;\">Gobernador Departamental de Alta Verapaz, M.A. Erik Nolberto Guerrero Mili\u00e1n, expuso un saludo fraterno y el acogimiento a los participantes dentro del Sal\u00f3n Las Am\u00e9ricas Palacio de Gobernaci\u00f3n, siendo un edificio hist\u00f3rico para el departamento, donde en coordinaci\u00f3n con los organizadores les brindo el espacio para la realizaci\u00f3n de dicha concentraci\u00f3n.<\/p>\n<p style=\"text-align: justify;\">Las actividades programadas, se realizaran en las fechas 23, 24, 25, 26 y 27 de septiembre del presente a\u00f1o, donde promotores y delegados de pastoral vocacional se re\u00fanen, para motivar a seguir sirviendo a Dios en las diferentes vocaciones como; sacerdotales, matrimonio, vida religiosa, vida soltera, ministerio laicales, entre otros.<\/p>\n<p style=\"text-align: justify;\">La vocaci\u00f3n es una cierta manera de vivir la vida, comprenderla y ordenarla como un servicio, para los cristianos, la llamada viene de Dios, de la Palabra de Cristo que invita a seguirle ya ser testigos en el mundo y en la historia, todo cristiano por su bautismo est\u00e1 llamado a hacer de su vida una respuesta y un servicio.<\/p>\n<div><\/div>\n<p>&nbsp;<\/p>\n","protected":false},"excerpt":{"rendered":"<p>Las actividades programadas, se realizaran en las fechas 23, 24, 25, 26 y 27 de septiembre del presente a\u00f1o.<\/p>\n","protected":false},"author":1,"featured_media":7874,"comment_status":"closed","ping_status":"open","sticky":false,"template":"","format":"gallery","meta":[],"categories":[183],"tags":[178],"_links":{"self":[{"href":"https:\/\/gobernacionaltaverapaz.gob.gt\/index.php?rest_route=\/wp\/v2\/posts\/7873"}],"collection":[{"href":"https:\/\/gobernacionaltaverapaz.gob.gt\/index.php?rest_route=\/wp\/v2\/posts"}],"about":[{"href":"https:\/\/gobernacionaltaverapaz.gob.gt\/index.php?rest_route=\/wp\/v2\/types\/post"}],"author":[{"embeddable":true,"href":"https:\/\/gobernacionaltaverapaz.gob.gt\/index.php?rest_route=\/wp\/v2\/users\/1"}],"replies":[{"embeddable":true,"href":"https:\/\/gobernacionaltaverapaz.gob.gt\/index.php?rest_route=%2Fwp%2Fv2%2Fcomments&post=7873"}],"version-history":[{"count":2,"href":"https:\/\/gobernacionaltaverapaz.gob.gt\/index.php?rest_route=\/wp\/v2\/posts\/7873\/revisions"}],"predecessor-version":[{"id":7887,"href":"https:\/\/gobernacionaltaverapaz.gob.gt\/index.php?rest_route=\/wp\/v2\/posts\/7873\/revisions\/7887"}],"wp:featuredmedia":[{"embeddable":true,"href":"https:\/\/gobernacionaltaverapaz.gob.gt\/index.php?rest_route=\/wp\/v2\/media\/7874"}],"wp:attachment":[{"href":"https:\/\/gobernacionaltaverapaz.gob.gt\/index.php?rest_route=%2Fwp%2Fv2%2Fmedia&parent=7873"}],"wp:term":[{"taxonomy":"category","embeddable":true,"href":"https:\/\/gobernacionaltaverapaz.gob.gt\/index.php?rest_route=%2Fwp%2Fv2%2Fcategories&post=7873"},{"taxonomy":"post_tag","embeddable":true,"href":"https:\/\/gobernacionaltaverapaz.gob.gt\/index.php?rest_route=%2Fwp%2Fv2%2Ftags&post=7873"}],"curies":[{"name":"wp","href":"https:\/\/api.w.org\/{rel}","templated":true}]}}