{"id":7888,"date":"2019-09-25T17:28:18","date_gmt":"2019-09-25T23:28:18","guid":{"rendered":"http:\/\/gobernacionaltaverapaz.gob.gt\/?p=7888"},"modified":"2019-09-26T08:14:48","modified_gmt":"2019-09-26T14:14:48","slug":"conferencia-de-prensa-da-mundial-de-la-prevencin-del-embarazo-planificado-en-adolecentes","status":"publish","type":"post","link":"https:\/\/gobernacionaltaverapaz.gob.gt\/?p=7888","title":{"rendered":"Conferencia de Prensa &#8220;D\u00eda Mundial de la Prevenci\u00f3n del Embarazo NO Planificado en Adolecentes&#8221;"},"content":{"rendered":"<p style=\"text-align: justify;\">El 26 de septiembre &#8220;D\u00eda Mundial de la Prevenci\u00f3n del Embarazo No Planificado en Adolecentes&#8221;, es una campa\u00f1a multinacional cuyo objetivo es crear conciencia acerca de la prevenci\u00f3n del embarazo no planificado a trav\u00e9s de m\u00e9todos anticonceptivos eficaces y seguros y mejorar el nivel de educaci\u00f3n respecto la salud sexual y reproductiva.<\/p>\n<p style=\"text-align: justify;\">En el mismo se dieron a conocer esta<span class=\"textexposedshow\">d\u00edsticas de embarazos en menores, de enero a agosto se ha presentado en Alta Verapaz 5,124 embarazos en adolescentes haciendo un 26% del total de embarazos y un 0.2% de embarazos son menores de 14 a\u00f1os.<\/span><\/p>\n<p style=\"text-align: justify;\">Se expuso por parte del Ministerio de Salud P\u00fablica y Asistencia Social y el \u00c1rea de Salud de Alta Verapaz, sobre la campa\u00f1a de vacunaci\u00f3n de Sarampi\u00f3n, Paperas, Rubiolas (SPR) y Poliomielitis (OPV), donde a trav\u00e9s de su red de servicios contin\u00faan implementando hasta el 11 de octubre del presente a\u00f1o, la campa\u00f1a masiva.<\/p>\n<p style=\"text-align: justify;\">Donde las metas alcanzadas hasta el viernes 20 de septiembre del a\u00f1o 2019, son; vacuna contra SPR 153,414 dosis administradas, que equivale al 74% de ni\u00f1as(os) vacunados menores de 7 a\u00f1os, vacuna contra la poliomielitis-OPV 173,904, que equivale al 72% de ni\u00f1as(os) vacunados (desde reci\u00e9n nacidos a menores de 7 a\u00f1os).<\/p>\n<p style=\"text-align: justify;\">Participaron; Gobernador Departamental de Alta Verapaz, M.A. Erik Nolberto Guerrero Mili\u00e1n; Dra. Lisbeth Cajas, Epidemi\u00f3loga -DASAV-; Lcda. Mar\u00eda Antonieta L\u00f3pez, Enfermera de \u00c1rea -DASAV-; Dr. Fernando Teyul, Programa Nacional de Salud Reproductiva; Licda. Marina Novales, -SBS-; Dr. Luis Castellanos, -DASAV-; Lcda. Magda V\u00e1squez, -DIDEDUC-; Lcda. Roc\u00edo Meza, -DIDEDUC-.<\/p>\n<div><\/div>\n","protected":false},"excerpt":{"rendered":"<p>Es una campa\u00f1a multinacional cuyo objetivo es crear conciencia acerca de la prevenci\u00f3n del embarazo no planificado a trav\u00e9s de m\u00e9todos anticonceptivos eficaces y seguros y mejorar el nivel de educaci\u00f3n respecto la salud sexual y reproductiva.<\/p>\n","protected":false},"author":1,"featured_media":7889,"comment_status":"closed","ping_status":"open","sticky":false,"template":"","format":"gallery","meta":[],"categories":[183],"tags":[178],"_links":{"self":[{"href":"https:\/\/gobernacionaltaverapaz.gob.gt\/index.php?rest_route=\/wp\/v2\/posts\/7888"}],"collection":[{"href":"https:\/\/gobernacionaltaverapaz.gob.gt\/index.php?rest_route=\/wp\/v2\/posts"}],"about":[{"href":"https:\/\/gobernacionaltaverapaz.gob.gt\/index.php?rest_route=\/wp\/v2\/types\/post"}],"author":[{"embeddable":true,"href":"https:\/\/gobernacionaltaverapaz.gob.gt\/index.php?rest_route=\/wp\/v2\/users\/1"}],"replies":[{"embeddable":true,"href":"https:\/\/gobernacionaltaverapaz.gob.gt\/index.php?rest_route=%2Fwp%2Fv2%2Fcomments&post=7888"}],"version-history":[{"count":2,"href":"https:\/\/gobernacionaltaverapaz.gob.gt\/index.php?rest_route=\/wp\/v2\/posts\/7888\/revisions"}],"predecessor-version":[{"id":7895,"href":"https:\/\/gobernacionaltaverapaz.gob.gt\/index.php?rest_route=\/wp\/v2\/posts\/7888\/revisions\/7895"}],"wp:featuredmedia":[{"embeddable":true,"href":"https:\/\/gobernacionaltaverapaz.gob.gt\/index.php?rest_route=\/wp\/v2\/media\/7889"}],"wp:attachment":[{"href":"https:\/\/gobernacionaltaverapaz.gob.gt\/index.php?rest_route=%2Fwp%2Fv2%2Fmedia&parent=7888"}],"wp:term":[{"taxonomy":"category","embeddable":true,"href":"https:\/\/gobernacionaltaverapaz.gob.gt\/index.php?rest_route=%2Fwp%2Fv2%2Fcategories&post=7888"},{"taxonomy":"post_tag","embeddable":true,"href":"https:\/\/gobernacionaltaverapaz.gob.gt\/index.php?rest_route=%2Fwp%2Fv2%2Ftags&post=7888"}],"curies":[{"name":"wp","href":"https:\/\/api.w.org\/{rel}","templated":true}]}}