{"id":7897,"date":"2019-09-26T09:11:57","date_gmt":"2019-09-26T15:11:57","guid":{"rendered":"http:\/\/gobernacionaltaverapaz.gob.gt\/?p=7897"},"modified":"2019-09-27T08:17:47","modified_gmt":"2019-09-27T14:17:47","slug":"foro-nacional-de-responsabilidad-social-empresarial-en-alta-verapaz","status":"publish","type":"post","link":"https:\/\/gobernacionaltaverapaz.gob.gt\/?p=7897","title":{"rendered":"Foro Nacional de Responsabilidad Social Empresarial en Alta Verapaz"},"content":{"rendered":"<p style=\"text-align: justify;\">Gob. M.A. Erik Nolberto Guerrero Mili\u00e1n, participo en el Foro Nacional de Responsabilidad Social Empresarial en Alta Verapaz, organizado por <a href=\"https:\/\/www.facebook.com\/centrarsegt\/?fref=mentions&amp;__xts__%5B0%5D=68.ARBxlLMS-QXZ1Wfd_TUhRZRjaCnWcntIEtwWXGgWRBm8m90E4wfBLwAPYF5ud1evibCzGrSCyS1_Iy1kdBsZBIf-HAbSmB0FTxRnMGle8lP0iYTZZXMYUrijnAY1mX-44gNvbE_SEpZgwMakwIXLY2f3QfV8xIVVTy5fLFv9eZtlf-qGFKBzWNHkNJWF8QBV3re7j4KMyqggMfxhO_OjB_F0bw_GdpPRFsVxjrY37uFA8yC6_N1gzBbrvqV3r4pcLcTU5HmlO5NaehdXYB24s-WZ2-sqc8C80jeHvZGk2N7aVnshCdbN6dlNJvT9kagIxWOoBumcc2i_YZTUTnQvGeg&amp;__tn__=K-R\" target=\"_blank\" rel=\"noopener\">CentraRSE<\/a>, con el tema: &#8220;Transformarse es un proceso, es momento de comprometerse; con principios, di\u00e1logo, \u00e9tica y participaci\u00f3n&#8221;.<\/p>\n<p style=\"text-align: justify;\">Con el objetivo de impulsar a empresarios y l\u00edderes de la sociedad civil a comprometerse con la sostenibilidad del pa\u00eds por medio<span class=\"textexposedshow\"> de la aplicaci\u00f3n de principios ciudadanos, con esto adherirse y aplicar a la gu\u00eda de principios de ciudadanos empresarial, en donde se establecen los principios de: 1) Priorizar la b\u00fasqueda del bien com\u00fan, 2) cumplir la ley y motivar su cumplimiento, 3) actuar \u00e9ticamente y ejercer liderazgo, 4) promover di\u00e1logo y participaci\u00f3n ciudadana, como empresa y como individuo, y 5) reforzar el compromiso con el desarrollo sostenible a trav\u00e9s de gesti\u00f3n de la RSE.<\/span><\/p>\n<p style=\"text-align: justify;\">Presentes; Gobernador Departamental; Federico Barquero, Presidente Junta Directiva CentraRSE; Juan Pablo Morataya, Gerente General CentraRSE; Jorge Toru\u00f1o, Presidente del Foro Nacional; RENACE; Swisscontact; Plan Internacional; UniSuper; Instituciones gubernamentales y No gubernamental.<\/p>\n<div><\/div>\n","protected":false},"excerpt":{"rendered":"<p>Con el objetivo de impulsar a empresarios y l\u00edderes de la sociedad civil a comprometerse con la sostenibilidad del pa\u00eds por medio de la aplicaci\u00f3n de principios ciudadanos.<\/p>\n","protected":false},"author":1,"featured_media":7898,"comment_status":"closed","ping_status":"open","sticky":false,"template":"","format":"gallery","meta":[],"categories":[2],"tags":[178],"_links":{"self":[{"href":"https:\/\/gobernacionaltaverapaz.gob.gt\/index.php?rest_route=\/wp\/v2\/posts\/7897"}],"collection":[{"href":"https:\/\/gobernacionaltaverapaz.gob.gt\/index.php?rest_route=\/wp\/v2\/posts"}],"about":[{"href":"https:\/\/gobernacionaltaverapaz.gob.gt\/index.php?rest_route=\/wp\/v2\/types\/post"}],"author":[{"embeddable":true,"href":"https:\/\/gobernacionaltaverapaz.gob.gt\/index.php?rest_route=\/wp\/v2\/users\/1"}],"replies":[{"embeddable":true,"href":"https:\/\/gobernacionaltaverapaz.gob.gt\/index.php?rest_route=%2Fwp%2Fv2%2Fcomments&post=7897"}],"version-history":[{"count":3,"href":"https:\/\/gobernacionaltaverapaz.gob.gt\/index.php?rest_route=\/wp\/v2\/posts\/7897\/revisions"}],"predecessor-version":[{"id":7908,"href":"https:\/\/gobernacionaltaverapaz.gob.gt\/index.php?rest_route=\/wp\/v2\/posts\/7897\/revisions\/7908"}],"wp:featuredmedia":[{"embeddable":true,"href":"https:\/\/gobernacionaltaverapaz.gob.gt\/index.php?rest_route=\/wp\/v2\/media\/7898"}],"wp:attachment":[{"href":"https:\/\/gobernacionaltaverapaz.gob.gt\/index.php?rest_route=%2Fwp%2Fv2%2Fmedia&parent=7897"}],"wp:term":[{"taxonomy":"category","embeddable":true,"href":"https:\/\/gobernacionaltaverapaz.gob.gt\/index.php?rest_route=%2Fwp%2Fv2%2Fcategories&post=7897"},{"taxonomy":"post_tag","embeddable":true,"href":"https:\/\/gobernacionaltaverapaz.gob.gt\/index.php?rest_route=%2Fwp%2Fv2%2Ftags&post=7897"}],"curies":[{"name":"wp","href":"https:\/\/api.w.org\/{rel}","templated":true}]}}