{"id":7919,"date":"2019-09-27T10:16:32","date_gmt":"2019-09-27T16:16:32","guid":{"rendered":"http:\/\/gobernacionaltaverapaz.gob.gt\/?p=7919"},"modified":"2019-09-27T14:21:54","modified_gmt":"2019-09-27T20:21:54","slug":"da-mundial-del-embarazo-planificado-en-adolecentes-planea-av","status":"publish","type":"post","link":"https:\/\/gobernacionaltaverapaz.gob.gt\/?p=7919","title":{"rendered":"D\u00eda Mundial del Embarazo No Planificado en Adolecentes, PLANEA, A.V."},"content":{"rendered":"<p style=\"text-align: justify;\">Con el objetivo de conmemorar el D\u00eda Mundial del Embarazo No Planificado en Adolecentes, con la organizaci\u00f3n del Plan Nacional de Prevenci\u00f3n de Embarazos en Adolescentes -PLANEA- Alta Verapaz, con la participaci\u00f3n de Ministerio Publico, Polic\u00eda Nacional Civil y el apoyo de la Fundaci\u00f3n Myrna Mack.<\/p>\n<p style=\"text-align: justify;\">Participaron establecimientos educativos del nivel medio de la cabecera departamental; Escuela V\u00edctor C<span class=\"textexposedshow\">havarr\u00eda, Escuela Josefa Jacinto, Escuela San Jos\u00e9 la Colonia, Escuela El esfuerzo 1 y Emilio Rosales Ponce.<\/span><\/p>\n<p style=\"text-align: justify;\">Con una participacion aproximado de 300 j\u00f3venes se realiz\u00f3 la explosi\u00f3n de la campa\u00f1a educativa; que tiene como objetivo principal crear conciencia entre los j\u00f3venes para que conozcan las diferentes alternativas anticonceptivas que existen y puedan tomar decisiones informadas sobre su salud sexual y salud reproductiva.<\/p>\n<div><\/div>\n","protected":false},"excerpt":{"rendered":"<p>Participaron establecimientos educativos del nivel medio de la cabecera departamental; Escuela V\u00edctor Chavarr\u00eda, Escuela Josefa Jacinto, Escuela San Jos\u00e9 la Colonia, Escuela El esfuerzo 1 y Emilio Rosales Ponce.<\/p>\n","protected":false},"author":1,"featured_media":7920,"comment_status":"closed","ping_status":"open","sticky":false,"template":"","format":"gallery","meta":[],"categories":[183,2],"tags":[178],"_links":{"self":[{"href":"https:\/\/gobernacionaltaverapaz.gob.gt\/index.php?rest_route=\/wp\/v2\/posts\/7919"}],"collection":[{"href":"https:\/\/gobernacionaltaverapaz.gob.gt\/index.php?rest_route=\/wp\/v2\/posts"}],"about":[{"href":"https:\/\/gobernacionaltaverapaz.gob.gt\/index.php?rest_route=\/wp\/v2\/types\/post"}],"author":[{"embeddable":true,"href":"https:\/\/gobernacionaltaverapaz.gob.gt\/index.php?rest_route=\/wp\/v2\/users\/1"}],"replies":[{"embeddable":true,"href":"https:\/\/gobernacionaltaverapaz.gob.gt\/index.php?rest_route=%2Fwp%2Fv2%2Fcomments&post=7919"}],"version-history":[{"count":2,"href":"https:\/\/gobernacionaltaverapaz.gob.gt\/index.php?rest_route=\/wp\/v2\/posts\/7919\/revisions"}],"predecessor-version":[{"id":7931,"href":"https:\/\/gobernacionaltaverapaz.gob.gt\/index.php?rest_route=\/wp\/v2\/posts\/7919\/revisions\/7931"}],"wp:featuredmedia":[{"embeddable":true,"href":"https:\/\/gobernacionaltaverapaz.gob.gt\/index.php?rest_route=\/wp\/v2\/media\/7920"}],"wp:attachment":[{"href":"https:\/\/gobernacionaltaverapaz.gob.gt\/index.php?rest_route=%2Fwp%2Fv2%2Fmedia&parent=7919"}],"wp:term":[{"taxonomy":"category","embeddable":true,"href":"https:\/\/gobernacionaltaverapaz.gob.gt\/index.php?rest_route=%2Fwp%2Fv2%2Fcategories&post=7919"},{"taxonomy":"post_tag","embeddable":true,"href":"https:\/\/gobernacionaltaverapaz.gob.gt\/index.php?rest_route=%2Fwp%2Fv2%2Ftags&post=7919"}],"curies":[{"name":"wp","href":"https:\/\/api.w.org\/{rel}","templated":true}]}}