{"id":7932,"date":"2019-10-02T09:01:50","date_gmt":"2019-10-02T15:01:50","guid":{"rendered":"http:\/\/gobernacionaltaverapaz.gob.gt\/?p=7932"},"modified":"2019-10-02T10:33:10","modified_gmt":"2019-10-02T16:33:10","slug":"celebracin-da-del-nio-en-san-cruz-verapaz","status":"publish","type":"post","link":"https:\/\/gobernacionaltaverapaz.gob.gt\/?p=7932","title":{"rendered":"Celebraci\u00f3n D\u00eda del Ni\u00f1o en Santa Cruz Verapaz"},"content":{"rendered":"<p style=\"text-align: justify;\">En la aldea Chitul sector VII del municipio de Santa Cruz Verapaz, se realiz\u00f3 la celebraci\u00f3n de su Segundo Aniversario y celebraci\u00f3n del D\u00eda del Ni\u00f1o, con la participaci\u00f3n de padres de familias, alumnos, catedr\u00e1ticos y autoridades del departamento.<\/p>\n<p style=\"text-align: justify;\">Gob. M.A. Erik Nolberto Guerrero Mili\u00e1n, convivio y aporto para la convivencia de los ni\u00f1os en celebraci\u00f3n del d\u00eda especial, en el mismo se realizaron actos protoc<span class=\"textexposedshow\">olarios y danzas folklorica, con esto regocijar a los alumnos de la Escuela Chitul.<\/span><\/p>\n<div><\/div>\n","protected":false},"excerpt":{"rendered":"<p>Con la participaci\u00f3n de padres de familias, alumnos, catedr\u00e1ticos y autoridades del departamento.<\/p>\n","protected":false},"author":1,"featured_media":7935,"comment_status":"closed","ping_status":"open","sticky":false,"template":"","format":"gallery","meta":[],"categories":[183],"tags":[178],"_links":{"self":[{"href":"https:\/\/gobernacionaltaverapaz.gob.gt\/index.php?rest_route=\/wp\/v2\/posts\/7932"}],"collection":[{"href":"https:\/\/gobernacionaltaverapaz.gob.gt\/index.php?rest_route=\/wp\/v2\/posts"}],"about":[{"href":"https:\/\/gobernacionaltaverapaz.gob.gt\/index.php?rest_route=\/wp\/v2\/types\/post"}],"author":[{"embeddable":true,"href":"https:\/\/gobernacionaltaverapaz.gob.gt\/index.php?rest_route=\/wp\/v2\/users\/1"}],"replies":[{"embeddable":true,"href":"https:\/\/gobernacionaltaverapaz.gob.gt\/index.php?rest_route=%2Fwp%2Fv2%2Fcomments&post=7932"}],"version-history":[{"count":3,"href":"https:\/\/gobernacionaltaverapaz.gob.gt\/index.php?rest_route=\/wp\/v2\/posts\/7932\/revisions"}],"predecessor-version":[{"id":7944,"href":"https:\/\/gobernacionaltaverapaz.gob.gt\/index.php?rest_route=\/wp\/v2\/posts\/7932\/revisions\/7944"}],"wp:featuredmedia":[{"embeddable":true,"href":"https:\/\/gobernacionaltaverapaz.gob.gt\/index.php?rest_route=\/wp\/v2\/media\/7935"}],"wp:attachment":[{"href":"https:\/\/gobernacionaltaverapaz.gob.gt\/index.php?rest_route=%2Fwp%2Fv2%2Fmedia&parent=7932"}],"wp:term":[{"taxonomy":"category","embeddable":true,"href":"https:\/\/gobernacionaltaverapaz.gob.gt\/index.php?rest_route=%2Fwp%2Fv2%2Fcategories&post=7932"},{"taxonomy":"post_tag","embeddable":true,"href":"https:\/\/gobernacionaltaverapaz.gob.gt\/index.php?rest_route=%2Fwp%2Fv2%2Ftags&post=7932"}],"curies":[{"name":"wp","href":"https:\/\/api.w.org\/{rel}","templated":true}]}}