{"id":7945,"date":"2019-10-01T16:15:26","date_gmt":"2019-10-01T22:15:26","guid":{"rendered":"http:\/\/gobernacionaltaverapaz.gob.gt\/?p=7945"},"modified":"2019-10-02T10:42:45","modified_gmt":"2019-10-02T16:42:45","slug":"formacin-de-redes-gobernanza-juvenil-rural","status":"publish","type":"post","link":"https:\/\/gobernacionaltaverapaz.gob.gt\/?p=7945","title":{"rendered":"Formaci\u00f3n de Redes y Gobernanza Juvenil Rural"},"content":{"rendered":"<p style=\"text-align: justify;\">Gob. M.A. Erik Nolberto Guerrero Mili\u00e1n, presencio la Formaci\u00f3n de Redes y Gobernanza Juvenil Rural, dirigido a j\u00f3venes de los 17 municipios del departamento de Alta Verapaz.<\/p>\n<p style=\"text-align: justify;\">Con el objetivo de; potenciar las habilidades y desarrollar las capacidades en j\u00f3venes rurales para ejecutar procesos de vinculaci\u00f3n social al interior de organizaciones sociales y econ\u00f3micas en los territorios, lo que incluye el acompa\u00f1amiento para<span class=\"textexposedshow\"> su inclusi\u00f3n en el sistema de consejo de desarrollo.<\/span><\/p>\n<p style=\"text-align: justify;\">Con el acompa\u00f1amiento de; Gobernaci\u00f3n Departamental de Alta Verapaz, MAGA, CVJ, MIDES, PLAN INTERNACIONAL, COREDUR y SCEP.<\/p>\n<div><\/div>\n","protected":false},"excerpt":{"rendered":"<p>Con el objetivo de; potenciar las habilidades y desarrollar las capacidades en j\u00f3venes rurales para ejecutar procesos de vinculaci\u00f3n social al interior de organizaciones sociales y econ\u00f3micas en los territorios.<\/p>\n","protected":false},"author":1,"featured_media":7952,"comment_status":"closed","ping_status":"open","sticky":false,"template":"","format":"gallery","meta":[],"categories":[7],"tags":[178],"_links":{"self":[{"href":"https:\/\/gobernacionaltaverapaz.gob.gt\/index.php?rest_route=\/wp\/v2\/posts\/7945"}],"collection":[{"href":"https:\/\/gobernacionaltaverapaz.gob.gt\/index.php?rest_route=\/wp\/v2\/posts"}],"about":[{"href":"https:\/\/gobernacionaltaverapaz.gob.gt\/index.php?rest_route=\/wp\/v2\/types\/post"}],"author":[{"embeddable":true,"href":"https:\/\/gobernacionaltaverapaz.gob.gt\/index.php?rest_route=\/wp\/v2\/users\/1"}],"replies":[{"embeddable":true,"href":"https:\/\/gobernacionaltaverapaz.gob.gt\/index.php?rest_route=%2Fwp%2Fv2%2Fcomments&post=7945"}],"version-history":[{"count":2,"href":"https:\/\/gobernacionaltaverapaz.gob.gt\/index.php?rest_route=\/wp\/v2\/posts\/7945\/revisions"}],"predecessor-version":[{"id":7957,"href":"https:\/\/gobernacionaltaverapaz.gob.gt\/index.php?rest_route=\/wp\/v2\/posts\/7945\/revisions\/7957"}],"wp:featuredmedia":[{"embeddable":true,"href":"https:\/\/gobernacionaltaverapaz.gob.gt\/index.php?rest_route=\/wp\/v2\/media\/7952"}],"wp:attachment":[{"href":"https:\/\/gobernacionaltaverapaz.gob.gt\/index.php?rest_route=%2Fwp%2Fv2%2Fmedia&parent=7945"}],"wp:term":[{"taxonomy":"category","embeddable":true,"href":"https:\/\/gobernacionaltaverapaz.gob.gt\/index.php?rest_route=%2Fwp%2Fv2%2Fcategories&post=7945"},{"taxonomy":"post_tag","embeddable":true,"href":"https:\/\/gobernacionaltaverapaz.gob.gt\/index.php?rest_route=%2Fwp%2Fv2%2Ftags&post=7945"}],"curies":[{"name":"wp","href":"https:\/\/api.w.org\/{rel}","templated":true}]}}