{"id":7958,"date":"2019-10-01T12:30:25","date_gmt":"2019-10-01T18:30:25","guid":{"rendered":"http:\/\/gobernacionaltaverapaz.gob.gt\/?p=7958"},"modified":"2019-10-02T10:53:12","modified_gmt":"2019-10-02T16:53:12","slug":"inauguracin-del-proyecto-emprendamos-las-mujeres-de-mi-tierra","status":"publish","type":"post","link":"https:\/\/gobernacionaltaverapaz.gob.gt\/?p=7958","title":{"rendered":"Inauguraci\u00f3n de Proyecto Emprendamos las Mujeres de mi Tierra"},"content":{"rendered":"<p style=\"text-align: justify;\">Se realiz\u00f3 la inauguraci\u00f3n del Proyecto Emprendamos las Mujeres de mi Tierra, con el objetivo de; construir un proyecto auto sostenible con participaci\u00f3n de la mujer con sentido de pertenencia cultural, para contribuir a la econom\u00eda familiar y comunitaria.<\/p>\n<p style=\"text-align: justify;\">Gob. M.A. Erik Nolberto Guerrero Mili\u00e1n, realiz\u00f3 el corte de la cinta simb\u00f3lica para dar apertura al grupo de mujeres emprendedoras multidisciplinaria<span class=\"textexposedshow\">s e interdisciplinarias, con lo que se le brindara espacios para demostrar el talento y conocimiento que las mujeres poseen.<\/span><\/p>\n<p style=\"text-align: justify;\">Actividades a realizar; alianza estrat\u00e9gica con diferentes instituciones que promuevan el empoderamiento de la mujer, promover y fortalecer los grupos de mujeres emprendedoras y realizar exposiciones, participaci\u00f3n en ferias y actividades de promoci\u00f3n.<\/p>\n<p style=\"text-align: justify;\">Con el apoyo de: SOSEP, Mi Tierra ONG, Guatemaltecos UNIPROGUA, Municipalidad de Cob\u00e1n y Asociaci\u00f3n Tzuul Taq\u00b4a.<\/p>\n<div><\/div>\n","protected":false},"excerpt":{"rendered":"<p>Con el objetivo de; construir un proyecto auto sostenible con participaci\u00f3n de la mujer con sentido de pertenencia cultural, para contribuir a la econom\u00eda familiar y comunitaria.<\/p>\n","protected":false},"author":1,"featured_media":7968,"comment_status":"closed","ping_status":"open","sticky":false,"template":"","format":"gallery","meta":[],"categories":[7],"tags":[178],"_links":{"self":[{"href":"https:\/\/gobernacionaltaverapaz.gob.gt\/index.php?rest_route=\/wp\/v2\/posts\/7958"}],"collection":[{"href":"https:\/\/gobernacionaltaverapaz.gob.gt\/index.php?rest_route=\/wp\/v2\/posts"}],"about":[{"href":"https:\/\/gobernacionaltaverapaz.gob.gt\/index.php?rest_route=\/wp\/v2\/types\/post"}],"author":[{"embeddable":true,"href":"https:\/\/gobernacionaltaverapaz.gob.gt\/index.php?rest_route=\/wp\/v2\/users\/1"}],"replies":[{"embeddable":true,"href":"https:\/\/gobernacionaltaverapaz.gob.gt\/index.php?rest_route=%2Fwp%2Fv2%2Fcomments&post=7958"}],"version-history":[{"count":3,"href":"https:\/\/gobernacionaltaverapaz.gob.gt\/index.php?rest_route=\/wp\/v2\/posts\/7958\/revisions"}],"predecessor-version":[{"id":7975,"href":"https:\/\/gobernacionaltaverapaz.gob.gt\/index.php?rest_route=\/wp\/v2\/posts\/7958\/revisions\/7975"}],"wp:featuredmedia":[{"embeddable":true,"href":"https:\/\/gobernacionaltaverapaz.gob.gt\/index.php?rest_route=\/wp\/v2\/media\/7968"}],"wp:attachment":[{"href":"https:\/\/gobernacionaltaverapaz.gob.gt\/index.php?rest_route=%2Fwp%2Fv2%2Fmedia&parent=7958"}],"wp:term":[{"taxonomy":"category","embeddable":true,"href":"https:\/\/gobernacionaltaverapaz.gob.gt\/index.php?rest_route=%2Fwp%2Fv2%2Fcategories&post=7958"},{"taxonomy":"post_tag","embeddable":true,"href":"https:\/\/gobernacionaltaverapaz.gob.gt\/index.php?rest_route=%2Fwp%2Fv2%2Ftags&post=7958"}],"curies":[{"name":"wp","href":"https:\/\/api.w.org\/{rel}","templated":true}]}}