{"id":7976,"date":"2019-10-02T15:02:46","date_gmt":"2019-10-02T21:02:46","guid":{"rendered":"http:\/\/gobernacionaltaverapaz.gob.gt\/?p=7976"},"modified":"2019-10-03T08:08:50","modified_gmt":"2019-10-03T14:08:50","slug":"celebracin-da-del-nio-beneficiarios-del-programa-hogares-comunitarios-alta-verapaz","status":"publish","type":"post","link":"https:\/\/gobernacionaltaverapaz.gob.gt\/?p=7976","title":{"rendered":"Celebraci\u00f3n D\u00eda del Ni\u00f1o, Beneficiarios del Programa Hogares Comunitarios, Alta Verapaz"},"content":{"rendered":"<p style=\"text-align: justify;\">Con la presencia de la Primera Dama de la Naci\u00f3n, <a href=\"https:\/\/www.facebook.com\/patriciademoralesgt\/?fref=mentions&amp;__xts__%5B0%5D=68.ARCIXcZGkrdAKWzFxnNAao4mxGV-Gn_kkhY4TPGRIgkRCgrzXm0dsd5YqUGnrjuKdBGFRQZs0tjmryQqjaN_-ilDiHcDOn-2WZUDrlw09Wny3dZsMjPSWdvx-Q0OEixMOpBRDOezfno2BxngvGTlKZZjlCTHvEszd_08XIoL6VhjiGBw-IAOq4uY8HM273dvFO9UQI7d7h_cmBp4JJ5JqkQxP42nHJPVxk5OU7h1ebSeqwPqIlIULZ1y2PjBnIOn884yZAOkvbuBQq0kIHnAZ_R7k7F6KYcWh6SA1dNFLc4bpch4E4ZQpitL9ZWSaYhRXK3Hvhme1m3jiE3tJ8I5o4I&amp;__tn__=K-R\" target=\"_blank\" rel=\"noopener\">Patricia de Morales<\/a>, Sub Secretario de SOSEP, Elvin Fern\u00e1ndez y Gob. M.A. Erik Nolberto Guerrero Mili\u00e1n, realizaron celebraci\u00f3n del D\u00eda del Ni\u00f1o; beneficiarios del Programa Hogares Comunitarios del departamento de Alta Verapaz, realizado en las instalaciones de Instituto Nacional de la Juventud de Alta Verapaz -INJAV-.<\/p>\n<p style=\"text-align: justify;\">Patricia de<span class=\"textexposedshow\"> Morales, expreso; \u201cDamos gracias a Dios porque est\u00e1n bien, por estar con sus familias y hoy poder compartir con las personas que est\u00e1n a diario con ustedes; madres cuidadoras gracias a ustedes por cuidar a nuestros ni\u00f1os y ni\u00f1as, por educarlos, darles muestras de cari\u00f1o, amor y de respeto, les traigo un cordial saludo y fuerte abrazo del Presidente de Guatemala, Jimmy Morales\u201d. <\/span><\/p>\n<p style=\"text-align: justify;\">Hogares Comunitarios; Busca mejorar las condiciones de vida a las familias beneficiarias atendidas, prestando servicio a ni\u00f1as y ni\u00f1os menores de 7 a\u00f1os brind\u00e1ndoles atenci\u00f3n integral en Nutrici\u00f3n, Salud Preventiva, Desarrollo Psicosocial, Protecci\u00f3n y trabajar en el \u00e1rea afectiva.<\/p>\n<p style=\"text-align: justify;\">En la celebraci\u00f3n se realiz\u00f3 actividades como; baile con marimba, coreograf\u00eda de ni\u00f1os, canto a Guatemala por parte de 3 CADI\u00b4s y presentaci\u00f3n del Show del Mago Marcel.<\/p>\n<div><\/div>\n","protected":false},"excerpt":{"rendered":"<p>En la celebraci\u00f3n se realiz\u00f3 actividades como; baile con marimba, coreograf\u00eda de ni\u00f1os, canto a Guatemala por parte de 3 CADI\u00b4s y presentaci\u00f3n del Show del Mago Marcel.<\/p>\n","protected":false},"author":1,"featured_media":7978,"comment_status":"closed","ping_status":"open","sticky":false,"template":"","format":"gallery","meta":[],"categories":[183],"tags":[178],"_links":{"self":[{"href":"https:\/\/gobernacionaltaverapaz.gob.gt\/index.php?rest_route=\/wp\/v2\/posts\/7976"}],"collection":[{"href":"https:\/\/gobernacionaltaverapaz.gob.gt\/index.php?rest_route=\/wp\/v2\/posts"}],"about":[{"href":"https:\/\/gobernacionaltaverapaz.gob.gt\/index.php?rest_route=\/wp\/v2\/types\/post"}],"author":[{"embeddable":true,"href":"https:\/\/gobernacionaltaverapaz.gob.gt\/index.php?rest_route=\/wp\/v2\/users\/1"}],"replies":[{"embeddable":true,"href":"https:\/\/gobernacionaltaverapaz.gob.gt\/index.php?rest_route=%2Fwp%2Fv2%2Fcomments&post=7976"}],"version-history":[{"count":2,"href":"https:\/\/gobernacionaltaverapaz.gob.gt\/index.php?rest_route=\/wp\/v2\/posts\/7976\/revisions"}],"predecessor-version":[{"id":7997,"href":"https:\/\/gobernacionaltaverapaz.gob.gt\/index.php?rest_route=\/wp\/v2\/posts\/7976\/revisions\/7997"}],"wp:featuredmedia":[{"embeddable":true,"href":"https:\/\/gobernacionaltaverapaz.gob.gt\/index.php?rest_route=\/wp\/v2\/media\/7978"}],"wp:attachment":[{"href":"https:\/\/gobernacionaltaverapaz.gob.gt\/index.php?rest_route=%2Fwp%2Fv2%2Fmedia&parent=7976"}],"wp:term":[{"taxonomy":"category","embeddable":true,"href":"https:\/\/gobernacionaltaverapaz.gob.gt\/index.php?rest_route=%2Fwp%2Fv2%2Fcategories&post=7976"},{"taxonomy":"post_tag","embeddable":true,"href":"https:\/\/gobernacionaltaverapaz.gob.gt\/index.php?rest_route=%2Fwp%2Fv2%2Ftags&post=7976"}],"curies":[{"name":"wp","href":"https:\/\/api.w.org\/{rel}","templated":true}]}}