{"id":8008,"date":"2019-09-30T15:02:38","date_gmt":"2019-09-30T21:02:38","guid":{"rendered":"http:\/\/gobernacionaltaverapaz.gob.gt\/?p=8008"},"modified":"2019-10-03T09:33:17","modified_gmt":"2019-10-03T15:33:17","slug":"lanzamiento-de-la-campaa","status":"publish","type":"post","link":"https:\/\/gobernacionaltaverapaz.gob.gt\/?p=8008","title":{"rendered":"Lanzamiento de Campa\u00f1a"},"content":{"rendered":"<p style=\"text-align: justify;\">El Hospital de Cob\u00e1n a trav\u00e9s de la cl\u00ednica de violencia sexual y el Ministerio de Salud P\u00fablica y Asistencia Social, realizo el lanzamiento de la Campa\u00f1a <a href=\"https:\/\/www.facebook.com\/hashtag\/contalosinmiedo?source=feed_text&amp;epa=HASHTAG&amp;__xts__%5B0%5D=68.ARCLu8BDRvIri-8ZyLy99kZhUD-Rg17HTc-fR0qt3fxpekurdJvaYlbP8dTsZ_Zwh-eVA6fWTmBEMmZ2Y_Kth3S4afwKTtUMIzBLYtJJESYhah_92LBzj-y5x4HPqu0yKa9CYygG1XT67AOigAe7l8i4KXLUnDrxhANTfwV8iypwBooE6Lv8IAc_36mJw3FEc1HW13yzV3aKRkZFsfN4p-7BruS9Id7d8FOBzVJ3rqGalVP3DLUa3HWbFnhGdJK1rnGCWcqlZn9AhsbYm_8rKCAYG2DmX28Z_svqCQZpwxOReUlZK7sUHaRo1f9CaXmfcDvC3enELueUN27_q_yLSgk&amp;__tn__=%2ANK-R\" target=\"_blank\" rel=\"noopener\" data-ft=\"{&quot;type&quot;:104,&quot;tn&quot;:&quot;*N&quot;}\"><span class=\"58cl\"><span aria-label=\"hashtag\">#<\/span><\/span><span class=\"58cm\"><span style=\"text-decoration: none; text-underline: none;\">ContaloSinMiedo<\/span><\/span><\/a>, para concientizar a los habitantes del departamento sobre la importancia de visibilizar el delito y su denuncia ante las autoridades.<\/p>\n<p style=\"text-align: justify;\">Gob. M.A. Erik Nolberto Guerrero Mili\u00e1n, participo en el acto, realizado dentro del Palacio<span class=\"textexposedshow\"> de <a href=\"https:\/\/www.facebook.com\/GobernacionAV\/?fref=mentions&amp;__xts__%5B0%5D=68.ARCLu8BDRvIri-8ZyLy99kZhUD-Rg17HTc-fR0qt3fxpekurdJvaYlbP8dTsZ_Zwh-eVA6fWTmBEMmZ2Y_Kth3S4afwKTtUMIzBLYtJJESYhah_92LBzj-y5x4HPqu0yKa9CYygG1XT67AOigAe7l8i4KXLUnDrxhANTfwV8iypwBooE6Lv8IAc_36mJw3FEc1HW13yzV3aKRkZFsfN4p-7BruS9Id7d8FOBzVJ3rqGalVP3DLUa3HWbFnhGdJK1rnGCWcqlZn9AhsbYm_8rKCAYG2DmX28Z_svqCQZpwxOReUlZK7sUHaRo1f9CaXmfcDvC3enELueUN27_q_yLSgk&amp;__tn__=K-R\" target=\"_blank\" rel=\"noopener\">Gobernaci\u00f3n Departamental de Alta Verapaz<\/a>, donde el <a href=\"https:\/\/www.facebook.com\/pages\/Inacif\/493366684056724?fref=mentions&amp;__xts__%5B0%5D=68.ARCLu8BDRvIri-8ZyLy99kZhUD-Rg17HTc-fR0qt3fxpekurdJvaYlbP8dTsZ_Zwh-eVA6fWTmBEMmZ2Y_Kth3S4afwKTtUMIzBLYtJJESYhah_92LBzj-y5x4HPqu0yKa9CYygG1XT67AOigAe7l8i4KXLUnDrxhANTfwV8iypwBooE6Lv8IAc_36mJw3FEc1HW13yzV3aKRkZFsfN4p-7BruS9Id7d8FOBzVJ3rqGalVP3DLUa3HWbFnhGdJK1rnGCWcqlZn9AhsbYm_8rKCAYG2DmX28Z_svqCQZpwxOReUlZK7sUHaRo1f9CaXmfcDvC3enELueUN27_q_yLSgk&amp;__tn__=K-R\" target=\"_blank\" rel=\"noopener\">Inacif<\/a> presento su estad\u00edstica de atenci\u00f3n a violencia sexual en el departamento.<\/span><\/p>\n<p style=\"text-align: justify;\">La campa\u00f1a, incluye la socializaci\u00f3n de animaciones, publicaciones en redes sociales, spots de radio, videos, banners y afiches, todos orientados a crear una cultura de denuncia y a divulgar informaci\u00f3n sobre la atenci\u00f3n que brinda el MSPAS a v\u00edctimas de violencia sexual.<\/p>\n<div><\/div>\n","protected":false},"excerpt":{"rendered":"<p>Para concientizar a los habitantes del departamento sobre la importancia de visibilizar el delito y su denuncia ante las autoridades.<\/p>\n","protected":false},"author":1,"featured_media":8009,"comment_status":"closed","ping_status":"open","sticky":false,"template":"","format":"gallery","meta":[],"categories":[197],"tags":[178],"_links":{"self":[{"href":"https:\/\/gobernacionaltaverapaz.gob.gt\/index.php?rest_route=\/wp\/v2\/posts\/8008"}],"collection":[{"href":"https:\/\/gobernacionaltaverapaz.gob.gt\/index.php?rest_route=\/wp\/v2\/posts"}],"about":[{"href":"https:\/\/gobernacionaltaverapaz.gob.gt\/index.php?rest_route=\/wp\/v2\/types\/post"}],"author":[{"embeddable":true,"href":"https:\/\/gobernacionaltaverapaz.gob.gt\/index.php?rest_route=\/wp\/v2\/users\/1"}],"replies":[{"embeddable":true,"href":"https:\/\/gobernacionaltaverapaz.gob.gt\/index.php?rest_route=%2Fwp%2Fv2%2Fcomments&post=8008"}],"version-history":[{"count":3,"href":"https:\/\/gobernacionaltaverapaz.gob.gt\/index.php?rest_route=\/wp\/v2\/posts\/8008\/revisions"}],"predecessor-version":[{"id":8025,"href":"https:\/\/gobernacionaltaverapaz.gob.gt\/index.php?rest_route=\/wp\/v2\/posts\/8008\/revisions\/8025"}],"wp:featuredmedia":[{"embeddable":true,"href":"https:\/\/gobernacionaltaverapaz.gob.gt\/index.php?rest_route=\/wp\/v2\/media\/8009"}],"wp:attachment":[{"href":"https:\/\/gobernacionaltaverapaz.gob.gt\/index.php?rest_route=%2Fwp%2Fv2%2Fmedia&parent=8008"}],"wp:term":[{"taxonomy":"category","embeddable":true,"href":"https:\/\/gobernacionaltaverapaz.gob.gt\/index.php?rest_route=%2Fwp%2Fv2%2Fcategories&post=8008"},{"taxonomy":"post_tag","embeddable":true,"href":"https:\/\/gobernacionaltaverapaz.gob.gt\/index.php?rest_route=%2Fwp%2Fv2%2Ftags&post=8008"}],"curies":[{"name":"wp","href":"https:\/\/api.w.org\/{rel}","templated":true}]}}