{"id":8040,"date":"2019-09-27T15:49:46","date_gmt":"2019-09-27T21:49:46","guid":{"rendered":"http:\/\/gobernacionaltaverapaz.gob.gt\/?p=8040"},"modified":"2019-10-03T10:39:25","modified_gmt":"2019-10-03T16:39:25","slug":"foro-noviazgo-saludable-marco-legal-de-proteccin-los-adolecentes","status":"publish","type":"post","link":"https:\/\/gobernacionaltaverapaz.gob.gt\/?p=8040","title":{"rendered":"Foro &#8220;Noviazgo Saludable&#8221; y &#8220;Marco Legal de Protecci\u00f3n a los Adolecentes&#8221;"},"content":{"rendered":"<p style=\"text-align: justify;\">Con partici\u00f3n de alumnos de la Escuela Nacional de Ciencias Comerciales jornada vespertina, Cob\u00e1n Alta Verapaz, se realiz\u00f3 el foro sobre los temas &#8220;Noviazgo Saludable&#8221; y &#8220;Marco Legal de protecci\u00f3n a los Adolecentes&#8221;, con el objetivo de; crear conciencia acerca sobre la importancia de la prevenci\u00f3n de embarazos en adolescentes, con el lema &#8220;Soy Ni\u00f1a, No Madre&#8221;.<\/p>\n<p style=\"text-align: justify;\">Organizado por la m<span class=\"textexposedshow\">esa t\u00e9cnica interinstitucional PLANEA Alta Verapaz, en el mismo alumnos expusieron sus dudas contra\u00eddas dentro del mencionado foro y la presentaci\u00f3n de murales realizados con el tema &#8220;Noviazgo Saludable&#8221;, los cuales fueron reconocidos 3 de ellos con un diplomado.<\/span><\/p>\n<p style=\"text-align: justify;\">El 26 de septiembre se celebra en varios pa\u00edses el D\u00eda Mundial de Prevenci\u00f3n del Embarazo no Planificado en Adolescentes.<\/p>\n<p style=\"text-align: justify;\">Participaron; Gobernaci\u00f3n Alta Verapaz, DASAV, SBS, MIDES, SVET, MINEDUC y APROFAM.<\/p>\n<div><\/div>\n","protected":false},"excerpt":{"rendered":"<p>Con el objetivo de; crear conciencia acerca sobre la importancia de la prevenci\u00f3n de embarazos en adolescentes.<\/p>\n","protected":false},"author":1,"featured_media":8045,"comment_status":"closed","ping_status":"open","sticky":false,"template":"","format":"gallery","meta":[],"categories":[5],"tags":[178],"_links":{"self":[{"href":"https:\/\/gobernacionaltaverapaz.gob.gt\/index.php?rest_route=\/wp\/v2\/posts\/8040"}],"collection":[{"href":"https:\/\/gobernacionaltaverapaz.gob.gt\/index.php?rest_route=\/wp\/v2\/posts"}],"about":[{"href":"https:\/\/gobernacionaltaverapaz.gob.gt\/index.php?rest_route=\/wp\/v2\/types\/post"}],"author":[{"embeddable":true,"href":"https:\/\/gobernacionaltaverapaz.gob.gt\/index.php?rest_route=\/wp\/v2\/users\/1"}],"replies":[{"embeddable":true,"href":"https:\/\/gobernacionaltaverapaz.gob.gt\/index.php?rest_route=%2Fwp%2Fv2%2Fcomments&post=8040"}],"version-history":[{"count":2,"href":"https:\/\/gobernacionaltaverapaz.gob.gt\/index.php?rest_route=\/wp\/v2\/posts\/8040\/revisions"}],"predecessor-version":[{"id":8062,"href":"https:\/\/gobernacionaltaverapaz.gob.gt\/index.php?rest_route=\/wp\/v2\/posts\/8040\/revisions\/8062"}],"wp:featuredmedia":[{"embeddable":true,"href":"https:\/\/gobernacionaltaverapaz.gob.gt\/index.php?rest_route=\/wp\/v2\/media\/8045"}],"wp:attachment":[{"href":"https:\/\/gobernacionaltaverapaz.gob.gt\/index.php?rest_route=%2Fwp%2Fv2%2Fmedia&parent=8040"}],"wp:term":[{"taxonomy":"category","embeddable":true,"href":"https:\/\/gobernacionaltaverapaz.gob.gt\/index.php?rest_route=%2Fwp%2Fv2%2Fcategories&post=8040"},{"taxonomy":"post_tag","embeddable":true,"href":"https:\/\/gobernacionaltaverapaz.gob.gt\/index.php?rest_route=%2Fwp%2Fv2%2Ftags&post=8040"}],"curies":[{"name":"wp","href":"https:\/\/api.w.org\/{rel}","templated":true}]}}