{"id":8071,"date":"2019-10-03T09:20:27","date_gmt":"2019-10-03T15:20:27","guid":{"rendered":"http:\/\/gobernacionaltaverapaz.gob.gt\/?p=8071"},"modified":"2019-10-04T09:12:43","modified_gmt":"2019-10-04T15:12:43","slug":"reunin-ordinaria-red-vet-departamento-de-alta-verapaz-2","status":"publish","type":"post","link":"https:\/\/gobernacionaltaverapaz.gob.gt\/?p=8071","title":{"rendered":"Reuni\u00f3n Ordinaria -RED VET- Departamento de Alta Verapaz"},"content":{"rendered":"<p style=\"text-align: justify;\">Gob. M.A. Erik Nolberto Guerrero Mili\u00e1n, presencio reuni\u00f3n de la Red Departamental Contra la Violencia Sexual, Explotaci\u00f3n y Trata de Personas -RED VET- de Alta Verapaz, en el mismo donde se le brindo una playera y pin de la campa\u00f1a &#8220;No + Violencia Sexual&#8221;, con el objetivo de seguir trabajando con esfuerzo en conjunto y con ello disminuir las estad\u00edsticas del departamento.<\/p>\n<p style=\"text-align: justify;\">En la misma se dio a conocer; rese\u00f1<span class=\"textexposedshow\">a de actividad del 26 de septiembre D\u00eda Mundial para Prevenci\u00f3n de Embarazos, construcci\u00f3n de Plan Operativo de la Red VET de Alta Verapaz para el a\u00f1o 2020 por subcomisiones, entre otros.<\/span><\/p>\n<div><\/div>\n","protected":false},"excerpt":{"rendered":"<p>Con el objetivo de seguir trabajando con esfuerzo en conjunto y con ello disminuir las estad\u00edsticas del departamento.<\/p>\n","protected":false},"author":1,"featured_media":8074,"comment_status":"closed","ping_status":"open","sticky":false,"template":"","format":"gallery","meta":[],"categories":[194],"tags":[178],"_links":{"self":[{"href":"https:\/\/gobernacionaltaverapaz.gob.gt\/index.php?rest_route=\/wp\/v2\/posts\/8071"}],"collection":[{"href":"https:\/\/gobernacionaltaverapaz.gob.gt\/index.php?rest_route=\/wp\/v2\/posts"}],"about":[{"href":"https:\/\/gobernacionaltaverapaz.gob.gt\/index.php?rest_route=\/wp\/v2\/types\/post"}],"author":[{"embeddable":true,"href":"https:\/\/gobernacionaltaverapaz.gob.gt\/index.php?rest_route=\/wp\/v2\/users\/1"}],"replies":[{"embeddable":true,"href":"https:\/\/gobernacionaltaverapaz.gob.gt\/index.php?rest_route=%2Fwp%2Fv2%2Fcomments&post=8071"}],"version-history":[{"count":2,"href":"https:\/\/gobernacionaltaverapaz.gob.gt\/index.php?rest_route=\/wp\/v2\/posts\/8071\/revisions"}],"predecessor-version":[{"id":8082,"href":"https:\/\/gobernacionaltaverapaz.gob.gt\/index.php?rest_route=\/wp\/v2\/posts\/8071\/revisions\/8082"}],"wp:featuredmedia":[{"embeddable":true,"href":"https:\/\/gobernacionaltaverapaz.gob.gt\/index.php?rest_route=\/wp\/v2\/media\/8074"}],"wp:attachment":[{"href":"https:\/\/gobernacionaltaverapaz.gob.gt\/index.php?rest_route=%2Fwp%2Fv2%2Fmedia&parent=8071"}],"wp:term":[{"taxonomy":"category","embeddable":true,"href":"https:\/\/gobernacionaltaverapaz.gob.gt\/index.php?rest_route=%2Fwp%2Fv2%2Fcategories&post=8071"},{"taxonomy":"post_tag","embeddable":true,"href":"https:\/\/gobernacionaltaverapaz.gob.gt\/index.php?rest_route=%2Fwp%2Fv2%2Ftags&post=8071"}],"curies":[{"name":"wp","href":"https:\/\/api.w.org\/{rel}","templated":true}]}}