{"id":8105,"date":"2019-10-04T14:23:49","date_gmt":"2019-10-04T20:23:49","guid":{"rendered":"http:\/\/gobernacionaltaverapaz.gob.gt\/?p=8105"},"modified":"2019-10-07T08:34:15","modified_gmt":"2019-10-07T14:34:15","slug":"juramentacin-de-atletas-de-la-escuela-de-educacin-especial-centro-de-rehabilitacin-integral-edecri","status":"publish","type":"post","link":"https:\/\/gobernacionaltaverapaz.gob.gt\/?p=8105","title":{"rendered":"Juramentaci\u00f3n de Atletas de la Escuela de Educaci\u00f3n Especial y Centro de Rehabilitaci\u00f3n Integral -EDECRI-"},"content":{"rendered":"<p style=\"text-align: justify;\">Gob. M.A. Erik Nolberto Guerrero Mili\u00e1n, juramento a 30 alumnos de la Escuela de Educaci\u00f3n Integral -EDECRI-, quienes representaran al departamento de Alta Verapaz en los &#8220;Juegos Nacionales de Atletismo para Personas con Discapacidad&#8221;, mismo que se realizar\u00e1 en el departamento de Quetzaltenango en las fechas 8, 9 y 10 de Octubre del presente a\u00f1o.<\/p>\n<p style=\"text-align: justify;\">Olimpiadas especiales es una organizaci\u00f3n internacional dedicada para fortalecer e integrar como miembros de la sociedad a las personas con discapacidad a trav\u00e9s del entrenamiento y la competici\u00f3n deportiva en 26 deportes de tipo ol\u00edmpico de verano e invierno en ni\u00f1os, j\u00f3venes adultos con discapacidad en m\u00e1s de 150 pa\u00edses en todo el mundo.<\/p>\n<p style=\"text-align: justify;\">Presentes; Gobernador Departamental; Alcalde Municipal de Cob\u00e1n, Koky C\u00f3rdova Molina; Directora de EDECRI, Flor de Mar\u00eda Ram\u00edrez de Sierra; Delegado Departamental de Cultura y Deportes, Eduardo Dom\u00ednguez; Alumnos y Padres de Familia.<\/p>\n<div><\/div>\n","protected":false},"excerpt":{"rendered":"<p>Gob. M.A. Erik Nolberto Guerrero Mili\u00e1n, juramento a 30 alumnos de la Escuela de Educaci\u00f3n Integral -EDECRI-, quienes representaran al departamento de Alta Verapaz en los &#8220;Juegos Nacionales de Atletismo para Personas con Discapacidad&#8221;, mismo que se realizar\u00e1 en el departamento de Quetzaltenango en las fechas 8, 9 y 10 de Octubre del presente a\u00f1o. [&hellip;]<\/p>\n","protected":false},"author":1,"featured_media":8116,"comment_status":"closed","ping_status":"open","sticky":false,"template":"","format":"gallery","meta":[],"categories":[177],"tags":[178],"_links":{"self":[{"href":"https:\/\/gobernacionaltaverapaz.gob.gt\/index.php?rest_route=\/wp\/v2\/posts\/8105"}],"collection":[{"href":"https:\/\/gobernacionaltaverapaz.gob.gt\/index.php?rest_route=\/wp\/v2\/posts"}],"about":[{"href":"https:\/\/gobernacionaltaverapaz.gob.gt\/index.php?rest_route=\/wp\/v2\/types\/post"}],"author":[{"embeddable":true,"href":"https:\/\/gobernacionaltaverapaz.gob.gt\/index.php?rest_route=\/wp\/v2\/users\/1"}],"replies":[{"embeddable":true,"href":"https:\/\/gobernacionaltaverapaz.gob.gt\/index.php?rest_route=%2Fwp%2Fv2%2Fcomments&post=8105"}],"version-history":[{"count":2,"href":"https:\/\/gobernacionaltaverapaz.gob.gt\/index.php?rest_route=\/wp\/v2\/posts\/8105\/revisions"}],"predecessor-version":[{"id":8121,"href":"https:\/\/gobernacionaltaverapaz.gob.gt\/index.php?rest_route=\/wp\/v2\/posts\/8105\/revisions\/8121"}],"wp:featuredmedia":[{"embeddable":true,"href":"https:\/\/gobernacionaltaverapaz.gob.gt\/index.php?rest_route=\/wp\/v2\/media\/8116"}],"wp:attachment":[{"href":"https:\/\/gobernacionaltaverapaz.gob.gt\/index.php?rest_route=%2Fwp%2Fv2%2Fmedia&parent=8105"}],"wp:term":[{"taxonomy":"category","embeddable":true,"href":"https:\/\/gobernacionaltaverapaz.gob.gt\/index.php?rest_route=%2Fwp%2Fv2%2Fcategories&post=8105"},{"taxonomy":"post_tag","embeddable":true,"href":"https:\/\/gobernacionaltaverapaz.gob.gt\/index.php?rest_route=%2Fwp%2Fv2%2Ftags&post=8105"}],"curies":[{"name":"wp","href":"https:\/\/api.w.org\/{rel}","templated":true}]}}