{"id":8147,"date":"2019-10-08T08:33:00","date_gmt":"2019-10-08T14:33:00","guid":{"rendered":"http:\/\/gobernacionaltaverapaz.gob.gt\/?p=8147"},"modified":"2019-10-09T09:43:04","modified_gmt":"2019-10-09T15:43:04","slug":"acto-cvico-da-internacional-de-la-msica","status":"publish","type":"post","link":"https:\/\/gobernacionaltaverapaz.gob.gt\/?p=8147","title":{"rendered":"Acto C\u00edvico &#8220;D\u00eda Internacional de la M\u00fasica&#8221;"},"content":{"rendered":"<p style=\"text-align: justify;\">Dentro de la Escuela Oficial Mixta Petet, Cob\u00e1n Alta Verapaz, se realiz\u00f3 acto c\u00edvico conmemorando el &#8220;D\u00eda Internacional de la M\u00fasica&#8221;, el cual se celebra el 01 de octubre fecha establecida por la UNESCO en 1975.<\/p>\n<p style=\"text-align: justify;\">Gob. M.A. Erik Nolberto Guerrero Mili\u00e1n, participo y expreso; &#8220;En Gobernaci\u00f3n Departamental estamos muy maravillados con el proceso de educaci\u00f3n, por los resultados que se han obtenido y porque se a<span class=\"textexposedshow\">proximan muchos cambios importantes para el sistema educativo&#8221; concluyo, &#8220;como hoy es el d\u00eda de la canci\u00f3n, aprenderemos una canci\u00f3n que dice as\u00ed \u00a1se avisa al p\u00fablico de la rep\u00fablica que el agua p\u00fablica se va a poner para que el p\u00fablico de la rep\u00fablica tenga agua p\u00fablica para beber!&#8221;.<\/span><\/p>\n<p style=\"text-align: justify;\">En el acto se realiz\u00f3: canto al himno nacional, jura de la bandera, actos de baile por alumnos, canto con flautas y desarrollo del tema en el D\u00eda Internacional de la M\u00fasica.<\/p>\n<div><\/div>\n","protected":false},"excerpt":{"rendered":"<p>El cual se celebra el 01 de octubre fecha establecida por la UNESCO en 1975.<\/p>\n","protected":false},"author":1,"featured_media":8148,"comment_status":"closed","ping_status":"open","sticky":false,"template":"","format":"gallery","meta":[],"categories":[2],"tags":[178],"_links":{"self":[{"href":"https:\/\/gobernacionaltaverapaz.gob.gt\/index.php?rest_route=\/wp\/v2\/posts\/8147"}],"collection":[{"href":"https:\/\/gobernacionaltaverapaz.gob.gt\/index.php?rest_route=\/wp\/v2\/posts"}],"about":[{"href":"https:\/\/gobernacionaltaverapaz.gob.gt\/index.php?rest_route=\/wp\/v2\/types\/post"}],"author":[{"embeddable":true,"href":"https:\/\/gobernacionaltaverapaz.gob.gt\/index.php?rest_route=\/wp\/v2\/users\/1"}],"replies":[{"embeddable":true,"href":"https:\/\/gobernacionaltaverapaz.gob.gt\/index.php?rest_route=%2Fwp%2Fv2%2Fcomments&post=8147"}],"version-history":[{"count":2,"href":"https:\/\/gobernacionaltaverapaz.gob.gt\/index.php?rest_route=\/wp\/v2\/posts\/8147\/revisions"}],"predecessor-version":[{"id":8163,"href":"https:\/\/gobernacionaltaverapaz.gob.gt\/index.php?rest_route=\/wp\/v2\/posts\/8147\/revisions\/8163"}],"wp:featuredmedia":[{"embeddable":true,"href":"https:\/\/gobernacionaltaverapaz.gob.gt\/index.php?rest_route=\/wp\/v2\/media\/8148"}],"wp:attachment":[{"href":"https:\/\/gobernacionaltaverapaz.gob.gt\/index.php?rest_route=%2Fwp%2Fv2%2Fmedia&parent=8147"}],"wp:term":[{"taxonomy":"category","embeddable":true,"href":"https:\/\/gobernacionaltaverapaz.gob.gt\/index.php?rest_route=%2Fwp%2Fv2%2Fcategories&post=8147"},{"taxonomy":"post_tag","embeddable":true,"href":"https:\/\/gobernacionaltaverapaz.gob.gt\/index.php?rest_route=%2Fwp%2Fv2%2Ftags&post=8147"}],"curies":[{"name":"wp","href":"https:\/\/api.w.org\/{rel}","templated":true}]}}