{"id":8164,"date":"2019-10-08T12:04:53","date_gmt":"2019-10-08T18:04:53","guid":{"rendered":"http:\/\/gobernacionaltaverapaz.gob.gt\/?p=8164"},"modified":"2019-10-09T14:46:06","modified_gmt":"2019-10-09T20:46:06","slug":"implementacin-del-programa-de-educacin-inicial","status":"publish","type":"post","link":"https:\/\/gobernacionaltaverapaz.gob.gt\/?p=8164","title":{"rendered":"Implementaci\u00f3n del Programa de Educaci\u00f3n Inicial"},"content":{"rendered":"<p style=\"text-align: justify;\">Gob. M.A. Erik Nolberto Guerrero Mili\u00e1n, visito el sal\u00f3n comunal de la Aldea Cuyquel del municipio de Tactic Alta Verapaz, donde participan madres lactantes y ni\u00f1os de 0 a 4 a\u00f1os, donde motivo a las personas a persistir en el programa el cual les ayudara a atender de mejor manera a sus hijos y obtener mayor desarrollo para ellos.<\/p>\n<p style=\"text-align: justify;\">El Centro Comunitario para el Des<span class=\"textexposedshow\">arrollo Infantil Temprano (Cecodit), programa de educaci\u00f3n inicial, denominado Acomp\u00e1\u00f1ame a Crecer, que impulsa el Ministerio de Educaci\u00f3n.<\/span><\/p>\n<p style=\"text-align: justify;\">Durante la primera fase, 96 de los centros funcionar\u00e1n en Alta Verapaz, distribuidos en 80 comunidades.<\/p>\n<p style=\"text-align: justify;\">El pasado 4 de octubre del presente a\u00f1o, Presidente Jimmy Morales inaugur\u00f3 en San Juan Chamelco, Alta Verapaz, dicho programa educativo.<\/p>\n<div><\/div>\n","protected":false},"excerpt":{"rendered":"<p>Programa el cual les ayudara a atender de mejor manera a sus hijos y obtener mayor desarrollo para ellos.<\/p>\n","protected":false},"author":1,"featured_media":8173,"comment_status":"closed","ping_status":"open","sticky":false,"template":"","format":"gallery","meta":[],"categories":[2],"tags":[178],"_links":{"self":[{"href":"https:\/\/gobernacionaltaverapaz.gob.gt\/index.php?rest_route=\/wp\/v2\/posts\/8164"}],"collection":[{"href":"https:\/\/gobernacionaltaverapaz.gob.gt\/index.php?rest_route=\/wp\/v2\/posts"}],"about":[{"href":"https:\/\/gobernacionaltaverapaz.gob.gt\/index.php?rest_route=\/wp\/v2\/types\/post"}],"author":[{"embeddable":true,"href":"https:\/\/gobernacionaltaverapaz.gob.gt\/index.php?rest_route=\/wp\/v2\/users\/1"}],"replies":[{"embeddable":true,"href":"https:\/\/gobernacionaltaverapaz.gob.gt\/index.php?rest_route=%2Fwp%2Fv2%2Fcomments&post=8164"}],"version-history":[{"count":2,"href":"https:\/\/gobernacionaltaverapaz.gob.gt\/index.php?rest_route=\/wp\/v2\/posts\/8164\/revisions"}],"predecessor-version":[{"id":8178,"href":"https:\/\/gobernacionaltaverapaz.gob.gt\/index.php?rest_route=\/wp\/v2\/posts\/8164\/revisions\/8178"}],"wp:featuredmedia":[{"embeddable":true,"href":"https:\/\/gobernacionaltaverapaz.gob.gt\/index.php?rest_route=\/wp\/v2\/media\/8173"}],"wp:attachment":[{"href":"https:\/\/gobernacionaltaverapaz.gob.gt\/index.php?rest_route=%2Fwp%2Fv2%2Fmedia&parent=8164"}],"wp:term":[{"taxonomy":"category","embeddable":true,"href":"https:\/\/gobernacionaltaverapaz.gob.gt\/index.php?rest_route=%2Fwp%2Fv2%2Fcategories&post=8164"},{"taxonomy":"post_tag","embeddable":true,"href":"https:\/\/gobernacionaltaverapaz.gob.gt\/index.php?rest_route=%2Fwp%2Fv2%2Ftags&post=8164"}],"curies":[{"name":"wp","href":"https:\/\/api.w.org\/{rel}","templated":true}]}}