{"id":8179,"date":"2019-10-09T08:40:21","date_gmt":"2019-10-09T14:40:21","guid":{"rendered":"https:\/\/gobernacionaltaverapaz.gob.gt\/?p=8179"},"modified":"2019-10-10T09:41:44","modified_gmt":"2019-10-10T15:41:44","slug":"prevencin-de-la-violencia-en-contra-de-la-niez-adolescencia","status":"publish","type":"post","link":"https:\/\/gobernacionaltaverapaz.gob.gt\/?p=8179","title":{"rendered":"Prevenci\u00f3n de la Violencia en Contra de la Ni\u00f1ez y Adolescencia"},"content":{"rendered":"<p style=\"text-align: justify;\">En las instalaciones del sal\u00f3n municipal del municipio de Tactic, se realiz\u00f3 actividad en prevenci\u00f3n de la violencia en contra de la ni\u00f1ez y adolescencia de la Pol\u00edtica Municipal 2018-2022.<\/p>\n<p style=\"text-align: justify;\">Gob. M.A. Erik Nolberto Guerrero Mili\u00e1n, resalto obtener compromiso en los participantes; &#8220;Levante la mano derecha y repitan conmigo, yo me comprometo a replicar lo aprendido el d\u00eda de hoy con todos mis familiares, <span class=\"textexposedshow\">amigos y vecinos&#8221;.<\/span><\/p>\n<p style=\"text-align: justify;\">La actividad organizada por la Unidad para la Prevenci\u00f3n Comunitaria de la Violencia -UPCV- del departamento, misma donde participaron un aproximado de 100 j\u00f3venes del nivel b\u00e1sico y diversificado del municipio.<\/p>\n<p style=\"text-align: justify;\">Temas tratados; Enfermedades de transmisi\u00f3n sexual y formas de prevenci\u00f3n, violencia en redes sociales y noviazgo saludable y consecuencias sociales en embarazos a temprana edad.<\/p>\n<p style=\"text-align: justify;\">Participaron; Delegados departamentales, regionales y nacionales de la Unidad para la Prevenci\u00f3n Comunitaria de la Violencia -UPCV-, Municipalidad de Tactic Alta Verapaz, PMT Tactic, APROFAM y Gobernaci\u00f3n Departamental de Alta Verapaz.<\/p>\n<div><\/div>\n","protected":false},"excerpt":{"rendered":"<p>Actividad organizada por la Unidad para la Prevenci\u00f3n Comunitaria de la Violencia -UPCV-.<\/p>\n","protected":false},"author":1,"featured_media":8186,"comment_status":"closed","ping_status":"open","sticky":false,"template":"","format":"gallery","meta":[],"categories":[185],"tags":[178],"_links":{"self":[{"href":"https:\/\/gobernacionaltaverapaz.gob.gt\/index.php?rest_route=\/wp\/v2\/posts\/8179"}],"collection":[{"href":"https:\/\/gobernacionaltaverapaz.gob.gt\/index.php?rest_route=\/wp\/v2\/posts"}],"about":[{"href":"https:\/\/gobernacionaltaverapaz.gob.gt\/index.php?rest_route=\/wp\/v2\/types\/post"}],"author":[{"embeddable":true,"href":"https:\/\/gobernacionaltaverapaz.gob.gt\/index.php?rest_route=\/wp\/v2\/users\/1"}],"replies":[{"embeddable":true,"href":"https:\/\/gobernacionaltaverapaz.gob.gt\/index.php?rest_route=%2Fwp%2Fv2%2Fcomments&post=8179"}],"version-history":[{"count":2,"href":"https:\/\/gobernacionaltaverapaz.gob.gt\/index.php?rest_route=\/wp\/v2\/posts\/8179\/revisions"}],"predecessor-version":[{"id":8191,"href":"https:\/\/gobernacionaltaverapaz.gob.gt\/index.php?rest_route=\/wp\/v2\/posts\/8179\/revisions\/8191"}],"wp:featuredmedia":[{"embeddable":true,"href":"https:\/\/gobernacionaltaverapaz.gob.gt\/index.php?rest_route=\/wp\/v2\/media\/8186"}],"wp:attachment":[{"href":"https:\/\/gobernacionaltaverapaz.gob.gt\/index.php?rest_route=%2Fwp%2Fv2%2Fmedia&parent=8179"}],"wp:term":[{"taxonomy":"category","embeddable":true,"href":"https:\/\/gobernacionaltaverapaz.gob.gt\/index.php?rest_route=%2Fwp%2Fv2%2Fcategories&post=8179"},{"taxonomy":"post_tag","embeddable":true,"href":"https:\/\/gobernacionaltaverapaz.gob.gt\/index.php?rest_route=%2Fwp%2Fv2%2Ftags&post=8179"}],"curies":[{"name":"wp","href":"https:\/\/api.w.org\/{rel}","templated":true}]}}