{"id":8192,"date":"2019-10-10T08:41:23","date_gmt":"2019-10-10T14:41:23","guid":{"rendered":"https:\/\/gobernacionaltaverapaz.gob.gt\/?p=8192"},"modified":"2019-10-14T08:21:29","modified_gmt":"2019-10-14T14:21:29","slug":"conmemoracin-del-da-de-la-violencia-contra-la-mujer","status":"publish","type":"post","link":"https:\/\/gobernacionaltaverapaz.gob.gt\/?p=8192","title":{"rendered":"Conmemoraci\u00f3n del D\u00eda de la No Violencia Contra la Mujer"},"content":{"rendered":"<p style=\"text-align: justify;\">En la cabecera departamental de Alta Verapaz, se realiz\u00f3 foro y conferencia de prensa en el marco de las actividades de conmemoraci\u00f3n del &#8220;D\u00eda de la NO Violencia Contra la Mujer&#8221;.<\/p>\n<p style=\"text-align: justify;\">Con la frase &#8220;el amor nunca es violencia&#8221;, expusieron detalles de trabajos realizados en el departamento, as\u00ed como estad\u00edsticas en denuncias y casos de violencia contra la mujer, esto por parte de; Minister<span class=\"textexposedshow\">io P\u00fablico, Tribunal de Sentencia de Femicidio, Representante de Pastores Evang\u00e9licos en el departamento, Futbolistas de Cob\u00e1n Imperial, Pastoral Social, Representante de Mujeres ante el Consejo Departamental de Desarrollo y Gobernador Departamental M.A. Erik Nolberto Guerrero Mili\u00e1n.<\/span><\/p>\n<p style=\"text-align: justify;\">Alta Verapaz uno de los departamentos que a la fecha lleva 1,891 denuncias contra la mujer, as\u00ed mismo el delito con mayor denuncia en todo el pa\u00eds.<\/p>\n<p style=\"text-align: justify;\">Se brind\u00f3 conferencia con el fin de brindar informaci\u00f3n de actividades en el marco del D\u00eda de la NO Violencia Contra la Mujer el 25 de noviembre a realizarse en el departamento.<\/p>\n<p style=\"text-align: justify;\">El evento fue organizada por la mesa t\u00e9cnica interinstitucional, Plan Nacional de Prevenci\u00f3n de Embarazos en Adolescentes -PLANEA-, Red VET, MSPAS, Direcci\u00f3n de \u00c1rea de Salud y el apoyo de SwissContact.<\/p>\n<div><\/div>\n","protected":false},"excerpt":{"rendered":"<p>En la cabecera departamental de Alta Verapaz, se realiz\u00f3 foro y conferencia de prensa en el marco de las actividades de conmemoraci\u00f3n del &#8220;D\u00eda de la NO Violencia Contra la Mujer&#8221;. Con la frase &#8220;el amor nunca es violencia&#8221;, expusieron detalles de trabajos realizados en el departamento, as\u00ed como estad\u00edsticas en denuncias y casos de [&hellip;]<\/p>\n","protected":false},"author":1,"featured_media":8198,"comment_status":"closed","ping_status":"open","sticky":false,"template":"","format":"gallery","meta":[],"categories":[183],"tags":[178],"_links":{"self":[{"href":"https:\/\/gobernacionaltaverapaz.gob.gt\/index.php?rest_route=\/wp\/v2\/posts\/8192"}],"collection":[{"href":"https:\/\/gobernacionaltaverapaz.gob.gt\/index.php?rest_route=\/wp\/v2\/posts"}],"about":[{"href":"https:\/\/gobernacionaltaverapaz.gob.gt\/index.php?rest_route=\/wp\/v2\/types\/post"}],"author":[{"embeddable":true,"href":"https:\/\/gobernacionaltaverapaz.gob.gt\/index.php?rest_route=\/wp\/v2\/users\/1"}],"replies":[{"embeddable":true,"href":"https:\/\/gobernacionaltaverapaz.gob.gt\/index.php?rest_route=%2Fwp%2Fv2%2Fcomments&post=8192"}],"version-history":[{"count":2,"href":"https:\/\/gobernacionaltaverapaz.gob.gt\/index.php?rest_route=\/wp\/v2\/posts\/8192\/revisions"}],"predecessor-version":[{"id":8218,"href":"https:\/\/gobernacionaltaverapaz.gob.gt\/index.php?rest_route=\/wp\/v2\/posts\/8192\/revisions\/8218"}],"wp:featuredmedia":[{"embeddable":true,"href":"https:\/\/gobernacionaltaverapaz.gob.gt\/index.php?rest_route=\/wp\/v2\/media\/8198"}],"wp:attachment":[{"href":"https:\/\/gobernacionaltaverapaz.gob.gt\/index.php?rest_route=%2Fwp%2Fv2%2Fmedia&parent=8192"}],"wp:term":[{"taxonomy":"category","embeddable":true,"href":"https:\/\/gobernacionaltaverapaz.gob.gt\/index.php?rest_route=%2Fwp%2Fv2%2Fcategories&post=8192"},{"taxonomy":"post_tag","embeddable":true,"href":"https:\/\/gobernacionaltaverapaz.gob.gt\/index.php?rest_route=%2Fwp%2Fv2%2Ftags&post=8192"}],"curies":[{"name":"wp","href":"https:\/\/api.w.org\/{rel}","templated":true}]}}