{"id":8238,"date":"2019-10-11T11:32:46","date_gmt":"2019-10-11T17:32:46","guid":{"rendered":"https:\/\/gobernacionaltaverapaz.gob.gt\/?p=8238"},"modified":"2019-10-14T09:36:55","modified_gmt":"2019-10-14T15:36:55","slug":"da-internacional-de-reduccin-de-riesgo-desastre-codred-av","status":"publish","type":"post","link":"https:\/\/gobernacionaltaverapaz.gob.gt\/?p=8238","title":{"rendered":"D\u00eda Internacional de Reducci\u00f3n de Riesgo a Desastre, -CODRED- A.V."},"content":{"rendered":"<p style=\"text-align: justify;\">En la cabecera departamental de Alta Verapaz, se realiz\u00f3 la conmemoraci\u00f3n del D\u00eda Internacional de Reducci\u00f3n de Riesgo a Desastre, por parte de la Coordinadora Departamental para la Reducci\u00f3n de Desastres -CODRED- de Alta Verapaz.<\/p>\n<p style=\"text-align: justify;\">Junto al Grupo de Toma de Decisiones encabezado por el Gob. M.A. Erik Nolberto Guerrero Mili\u00e1n, se realizaron actos protocolarios alusivos al d\u00eda Internacional de la RRD y e<span class=\"textexposedshow\">xposici\u00f3n de stand por las secciones que integran la CODRED.<\/span><\/p>\n<p style=\"text-align: justify;\">La Asamblea General de la ONU decidi\u00f3 designar el 13 de octubre como &#8220;D\u00eda Internacional para la Reducci\u00f3n del Riesgo de Desastres&#8221;, Con el prop\u00f3sito de concienciar a los gobiernos y a la opini\u00f3n p\u00fablica para que tomen medidas encaminadas a minimizar los riesgos. Asimismo, los desastres, muchos de los cuales se han agravado con el cambio clim\u00e1tico, generan un impacto negativo en el desarrollo sostenible y en los resultados deseados.<\/p>\n<div><\/div>\n","protected":false},"excerpt":{"rendered":"<p>Con el prop\u00f3sito de concienciar a los gobiernos y a la opini\u00f3n p\u00fablica para que tomen medidas encaminadas a minimizar los riesgos.<\/p>\n","protected":false},"author":1,"featured_media":8241,"comment_status":"closed","ping_status":"open","sticky":false,"template":"","format":"gallery","meta":[],"categories":[183,197],"tags":[178],"_links":{"self":[{"href":"https:\/\/gobernacionaltaverapaz.gob.gt\/index.php?rest_route=\/wp\/v2\/posts\/8238"}],"collection":[{"href":"https:\/\/gobernacionaltaverapaz.gob.gt\/index.php?rest_route=\/wp\/v2\/posts"}],"about":[{"href":"https:\/\/gobernacionaltaverapaz.gob.gt\/index.php?rest_route=\/wp\/v2\/types\/post"}],"author":[{"embeddable":true,"href":"https:\/\/gobernacionaltaverapaz.gob.gt\/index.php?rest_route=\/wp\/v2\/users\/1"}],"replies":[{"embeddable":true,"href":"https:\/\/gobernacionaltaverapaz.gob.gt\/index.php?rest_route=%2Fwp%2Fv2%2Fcomments&post=8238"}],"version-history":[{"count":2,"href":"https:\/\/gobernacionaltaverapaz.gob.gt\/index.php?rest_route=\/wp\/v2\/posts\/8238\/revisions"}],"predecessor-version":[{"id":8248,"href":"https:\/\/gobernacionaltaverapaz.gob.gt\/index.php?rest_route=\/wp\/v2\/posts\/8238\/revisions\/8248"}],"wp:featuredmedia":[{"embeddable":true,"href":"https:\/\/gobernacionaltaverapaz.gob.gt\/index.php?rest_route=\/wp\/v2\/media\/8241"}],"wp:attachment":[{"href":"https:\/\/gobernacionaltaverapaz.gob.gt\/index.php?rest_route=%2Fwp%2Fv2%2Fmedia&parent=8238"}],"wp:term":[{"taxonomy":"category","embeddable":true,"href":"https:\/\/gobernacionaltaverapaz.gob.gt\/index.php?rest_route=%2Fwp%2Fv2%2Fcategories&post=8238"},{"taxonomy":"post_tag","embeddable":true,"href":"https:\/\/gobernacionaltaverapaz.gob.gt\/index.php?rest_route=%2Fwp%2Fv2%2Ftags&post=8238"}],"curies":[{"name":"wp","href":"https:\/\/api.w.org\/{rel}","templated":true}]}}