{"id":8261,"date":"2019-10-14T15:36:24","date_gmt":"2019-10-14T21:36:24","guid":{"rendered":"https:\/\/gobernacionaltaverapaz.gob.gt\/?p=8261"},"modified":"2019-10-15T09:17:05","modified_gmt":"2019-10-15T15:17:05","slug":"presentacin-de-datos-ante-el-codedeav-censo-2018-alta-verapaz","status":"publish","type":"post","link":"https:\/\/gobernacionaltaverapaz.gob.gt\/?p=8261","title":{"rendered":"Presentaci\u00f3n de datos ante el CODEDEAV, Censo 2018 Alta Verapaz"},"content":{"rendered":"<p style=\"text-align: justify;\">Coordinador Regional, delegada departamental del Instituto Nacional de Estad\u00edstica de Alta Verapaz, Gob. M.A. Erik Nolberto Guerrero Mili\u00e1n y delegado de SEGEPLAN, realizaron reuni\u00f3n previa a la presentaci\u00f3n de Resultados del Censo 2018 ante el CODEDEAV, dieron a conocer los resultados del XII Censo Nacional de Poblaci\u00f3n y VII de Vivienda.<\/p>\n<p style=\"text-align: justify;\">Con el objetivo de conocer los datos a nivel na<span class=\"textexposedshow\">cional y departamental de la poblaci\u00f3n censada, analizar los resultados del censo y buscar alternativas de desarrollo conforme el n\u00famero poblacional del departamento.<\/span><\/p>\n<p style=\"text-align: justify;\">Datos; 14,901,286 poblaci\u00f3n censada, 1,215,038 poblaci\u00f3n censada en Alta Verapaz, 602,878 hombres en Alta Verapaz y 612,160 mujeres censadas en el departamento.<\/p>\n<div><\/div>\n","protected":false},"excerpt":{"rendered":"<p>Con el objetivo de conocer los datos a nivel nacional y departamental de la poblaci\u00f3n censada, analizar los resultados del censo y buscar alternativas de desarrollo conforme el n\u00famero poblacional del departamento.<\/p>\n","protected":false},"author":1,"featured_media":8262,"comment_status":"closed","ping_status":"open","sticky":false,"template":"","format":"gallery","meta":[],"categories":[183,194],"tags":[178],"_links":{"self":[{"href":"https:\/\/gobernacionaltaverapaz.gob.gt\/index.php?rest_route=\/wp\/v2\/posts\/8261"}],"collection":[{"href":"https:\/\/gobernacionaltaverapaz.gob.gt\/index.php?rest_route=\/wp\/v2\/posts"}],"about":[{"href":"https:\/\/gobernacionaltaverapaz.gob.gt\/index.php?rest_route=\/wp\/v2\/types\/post"}],"author":[{"embeddable":true,"href":"https:\/\/gobernacionaltaverapaz.gob.gt\/index.php?rest_route=\/wp\/v2\/users\/1"}],"replies":[{"embeddable":true,"href":"https:\/\/gobernacionaltaverapaz.gob.gt\/index.php?rest_route=%2Fwp%2Fv2%2Fcomments&post=8261"}],"version-history":[{"count":4,"href":"https:\/\/gobernacionaltaverapaz.gob.gt\/index.php?rest_route=\/wp\/v2\/posts\/8261\/revisions"}],"predecessor-version":[{"id":8270,"href":"https:\/\/gobernacionaltaverapaz.gob.gt\/index.php?rest_route=\/wp\/v2\/posts\/8261\/revisions\/8270"}],"wp:featuredmedia":[{"embeddable":true,"href":"https:\/\/gobernacionaltaverapaz.gob.gt\/index.php?rest_route=\/wp\/v2\/media\/8262"}],"wp:attachment":[{"href":"https:\/\/gobernacionaltaverapaz.gob.gt\/index.php?rest_route=%2Fwp%2Fv2%2Fmedia&parent=8261"}],"wp:term":[{"taxonomy":"category","embeddable":true,"href":"https:\/\/gobernacionaltaverapaz.gob.gt\/index.php?rest_route=%2Fwp%2Fv2%2Fcategories&post=8261"},{"taxonomy":"post_tag","embeddable":true,"href":"https:\/\/gobernacionaltaverapaz.gob.gt\/index.php?rest_route=%2Fwp%2Fv2%2Ftags&post=8261"}],"curies":[{"name":"wp","href":"https:\/\/api.w.org\/{rel}","templated":true}]}}