{"id":8280,"date":"2019-10-22T10:49:24","date_gmt":"2019-10-22T16:49:24","guid":{"rendered":"https:\/\/gobernacionaltaverapaz.gob.gt\/?p=8280"},"modified":"2019-10-23T09:31:21","modified_gmt":"2019-10-23T15:31:21","slug":"curso-bsico-de-sistema-de-comando-de-incidentes","status":"publish","type":"post","link":"https:\/\/gobernacionaltaverapaz.gob.gt\/?p=8280","title":{"rendered":"Curso B\u00e1sico de Sistema de Comando de Incidentes"},"content":{"rendered":"<p style=\"text-align: justify;\">Hotel Casa de Anta\u00f1o,<br \/>\nSan Pedro Carch\u00e1, Alta Verapaz.<\/p>\n<p style=\"text-align: justify;\">Manejo integral de recursos, con est\u00e1ndares altos de coordinaci\u00f3n institucional.<br \/>\nTrabajos con estructura Com\u00fan, siguiendo procesos, procedimientos y protocolos y terminolog\u00eda com\u00fan en la respuesta y atenci\u00f3n de incidentes.<\/p>\n<p style=\"text-align: justify;\">Cinco cursos b\u00e1sicos de sistema de comando de incidentes.<br \/>\nParticipantes: personal de instituciones de primera respuesta.<br \/>\nInstructores Academia Nacional de Bomberos Municipales Departamentales<br \/>\nCoordinaci\u00f3n: delegaci\u00f3n Departamental de la SE-CONRED y la Sub Direcci\u00f3n del Hospital de COB\u00c1N, Alta Verapaz.<br \/>\nSe cont\u00f3 con el apoyo de HEIFER Internacional.<\/p>\n","protected":false},"excerpt":{"rendered":"<p>Hotel Casa de Anta\u00f1o, San Pedro Carch\u00e1, Alta Verapaz. Manejo integral de recursos, con est\u00e1ndares altos de coordinaci\u00f3n institucional. Trabajos con estructura Com\u00fan, siguiendo procesos, procedimientos y protocolos y terminolog\u00eda com\u00fan en la respuesta y atenci\u00f3n de incidentes. Cinco cursos b\u00e1sicos de sistema de comando de incidentes. Participantes: personal de instituciones de primera respuesta. Instructores [&hellip;]<\/p>\n","protected":false},"author":1,"featured_media":8281,"comment_status":"closed","ping_status":"open","sticky":false,"template":"","format":"standard","meta":[],"categories":[1],"tags":[178],"_links":{"self":[{"href":"https:\/\/gobernacionaltaverapaz.gob.gt\/index.php?rest_route=\/wp\/v2\/posts\/8280"}],"collection":[{"href":"https:\/\/gobernacionaltaverapaz.gob.gt\/index.php?rest_route=\/wp\/v2\/posts"}],"about":[{"href":"https:\/\/gobernacionaltaverapaz.gob.gt\/index.php?rest_route=\/wp\/v2\/types\/post"}],"author":[{"embeddable":true,"href":"https:\/\/gobernacionaltaverapaz.gob.gt\/index.php?rest_route=\/wp\/v2\/users\/1"}],"replies":[{"embeddable":true,"href":"https:\/\/gobernacionaltaverapaz.gob.gt\/index.php?rest_route=%2Fwp%2Fv2%2Fcomments&post=8280"}],"version-history":[{"count":2,"href":"https:\/\/gobernacionaltaverapaz.gob.gt\/index.php?rest_route=\/wp\/v2\/posts\/8280\/revisions"}],"predecessor-version":[{"id":8283,"href":"https:\/\/gobernacionaltaverapaz.gob.gt\/index.php?rest_route=\/wp\/v2\/posts\/8280\/revisions\/8283"}],"wp:featuredmedia":[{"embeddable":true,"href":"https:\/\/gobernacionaltaverapaz.gob.gt\/index.php?rest_route=\/wp\/v2\/media\/8281"}],"wp:attachment":[{"href":"https:\/\/gobernacionaltaverapaz.gob.gt\/index.php?rest_route=%2Fwp%2Fv2%2Fmedia&parent=8280"}],"wp:term":[{"taxonomy":"category","embeddable":true,"href":"https:\/\/gobernacionaltaverapaz.gob.gt\/index.php?rest_route=%2Fwp%2Fv2%2Fcategories&post=8280"},{"taxonomy":"post_tag","embeddable":true,"href":"https:\/\/gobernacionaltaverapaz.gob.gt\/index.php?rest_route=%2Fwp%2Fv2%2Ftags&post=8280"}],"curies":[{"name":"wp","href":"https:\/\/api.w.org\/{rel}","templated":true}]}}