{"id":8284,"date":"2019-10-22T13:26:01","date_gmt":"2019-10-22T19:26:01","guid":{"rendered":"https:\/\/gobernacionaltaverapaz.gob.gt\/?p=8284"},"modified":"2019-10-23T09:42:49","modified_gmt":"2019-10-23T15:42:49","slug":"ministerio-de-salud-pblica-asistencia-social","status":"publish","type":"post","link":"https:\/\/gobernacionaltaverapaz.gob.gt\/?p=8284","title":{"rendered":"Ministerio de Salud P\u00fablica y Asistencia Social"},"content":{"rendered":"<p style=\"text-align: justify;\">En la sede del Hospital, se realiz\u00f3 la entrega del Acuerdo Ministerial 238-2019, mediante el cual se realiza el cambio de denominaci\u00f3n de la Unidad de Hospital de Cob\u00e1n, Alta Verapaz a Hospital Regional de Cob\u00e1n, Alta Verapaz.<\/p>\n<p style=\"text-align: justify;\">Para lo cual se cont\u00f3 con la visita del Ministro de Salud P\u00fablica y Asistencia Social Doctor Carlos Enrique Soto Menegazzo, Jorge C\u00f3rdoba Molina; Alcalde Municipal de Cob\u00e1n, Alta Ve<span class=\"textexposedshow\">rapaz; Diputado Erick Haroldo Quej Chen y el Se\u00f1or Gobernador M.A. Erik Nolberto Guerrero Mili\u00e1n.<\/span><\/p>\n<p style=\"text-align: justify;\">Este acto es importante y trascendental para el desarrollo del departamento, puesto que dicha denominaci\u00f3n permite el incremento presupuestario y la contrataci\u00f3n, prestaci\u00f3n de m\u00e1s y mejores servicios.<\/p>\n<div><\/div>\n","protected":false},"excerpt":{"rendered":"<p>Este acto es importante y trascendental para el desarrollo del departamento<\/p>\n","protected":false},"author":1,"featured_media":8285,"comment_status":"closed","ping_status":"open","sticky":false,"template":"","format":"gallery","meta":[],"categories":[5],"tags":[178],"_links":{"self":[{"href":"https:\/\/gobernacionaltaverapaz.gob.gt\/index.php?rest_route=\/wp\/v2\/posts\/8284"}],"collection":[{"href":"https:\/\/gobernacionaltaverapaz.gob.gt\/index.php?rest_route=\/wp\/v2\/posts"}],"about":[{"href":"https:\/\/gobernacionaltaverapaz.gob.gt\/index.php?rest_route=\/wp\/v2\/types\/post"}],"author":[{"embeddable":true,"href":"https:\/\/gobernacionaltaverapaz.gob.gt\/index.php?rest_route=\/wp\/v2\/users\/1"}],"replies":[{"embeddable":true,"href":"https:\/\/gobernacionaltaverapaz.gob.gt\/index.php?rest_route=%2Fwp%2Fv2%2Fcomments&post=8284"}],"version-history":[{"count":2,"href":"https:\/\/gobernacionaltaverapaz.gob.gt\/index.php?rest_route=\/wp\/v2\/posts\/8284\/revisions"}],"predecessor-version":[{"id":8290,"href":"https:\/\/gobernacionaltaverapaz.gob.gt\/index.php?rest_route=\/wp\/v2\/posts\/8284\/revisions\/8290"}],"wp:featuredmedia":[{"embeddable":true,"href":"https:\/\/gobernacionaltaverapaz.gob.gt\/index.php?rest_route=\/wp\/v2\/media\/8285"}],"wp:attachment":[{"href":"https:\/\/gobernacionaltaverapaz.gob.gt\/index.php?rest_route=%2Fwp%2Fv2%2Fmedia&parent=8284"}],"wp:term":[{"taxonomy":"category","embeddable":true,"href":"https:\/\/gobernacionaltaverapaz.gob.gt\/index.php?rest_route=%2Fwp%2Fv2%2Fcategories&post=8284"},{"taxonomy":"post_tag","embeddable":true,"href":"https:\/\/gobernacionaltaverapaz.gob.gt\/index.php?rest_route=%2Fwp%2Fv2%2Ftags&post=8284"}],"curies":[{"name":"wp","href":"https:\/\/api.w.org\/{rel}","templated":true}]}}