{"id":8291,"date":"2019-10-23T07:51:31","date_gmt":"2019-10-23T13:51:31","guid":{"rendered":"https:\/\/gobernacionaltaverapaz.gob.gt\/?p=8291"},"modified":"2019-10-23T09:54:19","modified_gmt":"2019-10-23T15:54:19","slug":"instituto-nacional-de-administracin-pblica-inap","status":"publish","type":"post","link":"https:\/\/gobernacionaltaverapaz.gob.gt\/?p=8291","title":{"rendered":"Instituto Nacional de Administraci\u00f3n P\u00fablica -INAP-"},"content":{"rendered":"<p style=\"text-align: justify;\">Mediante la gesti\u00f3n de Gobernaci\u00f3n Departamental de Alta Verapaz, se est\u00e1 llevando a cabo el diplomado &#8220;Ciudadan\u00eda y Consejos de Desarrollo&#8221; el cual tiene como objetivo principal capacitar a los funcionarios p\u00fablicos del departamento en temas de Gesti\u00f3n P\u00fablica.<\/p>\n<p style=\"text-align: justify;\">La inauguraci\u00f3n y clase inicial de este evento se llev\u00f3 a cabo en el Parque Infantil Navidad de La Gobernaci\u00f3n Departamental de Alta Verapaz, en el cual se cont\u00f3 con la participaci\u00f3n de un aproximado de 200 personas.<\/p>\n<p style=\"text-align: justify;\">El acto protocolario estuvo presidido por facilitadores del INAP: Lic. Wili Cucul y Lic. Carlos Maldonado; M.A. Erik Nolberto Guerrero Mili\u00e1n.<\/p>\n<div><\/div>\n","protected":false},"excerpt":{"rendered":"<p>Como objetivo principal capacitar a los funcionarios p\u00fablicos del departamento en temas de Gesti\u00f3n P\u00fablica.<\/p>\n","protected":false},"author":1,"featured_media":8294,"comment_status":"closed","ping_status":"open","sticky":false,"template":"","format":"gallery","meta":[],"categories":[191],"tags":[178],"_links":{"self":[{"href":"https:\/\/gobernacionaltaverapaz.gob.gt\/index.php?rest_route=\/wp\/v2\/posts\/8291"}],"collection":[{"href":"https:\/\/gobernacionaltaverapaz.gob.gt\/index.php?rest_route=\/wp\/v2\/posts"}],"about":[{"href":"https:\/\/gobernacionaltaverapaz.gob.gt\/index.php?rest_route=\/wp\/v2\/types\/post"}],"author":[{"embeddable":true,"href":"https:\/\/gobernacionaltaverapaz.gob.gt\/index.php?rest_route=\/wp\/v2\/users\/1"}],"replies":[{"embeddable":true,"href":"https:\/\/gobernacionaltaverapaz.gob.gt\/index.php?rest_route=%2Fwp%2Fv2%2Fcomments&post=8291"}],"version-history":[{"count":2,"href":"https:\/\/gobernacionaltaverapaz.gob.gt\/index.php?rest_route=\/wp\/v2\/posts\/8291\/revisions"}],"predecessor-version":[{"id":8296,"href":"https:\/\/gobernacionaltaverapaz.gob.gt\/index.php?rest_route=\/wp\/v2\/posts\/8291\/revisions\/8296"}],"wp:featuredmedia":[{"embeddable":true,"href":"https:\/\/gobernacionaltaverapaz.gob.gt\/index.php?rest_route=\/wp\/v2\/media\/8294"}],"wp:attachment":[{"href":"https:\/\/gobernacionaltaverapaz.gob.gt\/index.php?rest_route=%2Fwp%2Fv2%2Fmedia&parent=8291"}],"wp:term":[{"taxonomy":"category","embeddable":true,"href":"https:\/\/gobernacionaltaverapaz.gob.gt\/index.php?rest_route=%2Fwp%2Fv2%2Fcategories&post=8291"},{"taxonomy":"post_tag","embeddable":true,"href":"https:\/\/gobernacionaltaverapaz.gob.gt\/index.php?rest_route=%2Fwp%2Fv2%2Ftags&post=8291"}],"curies":[{"name":"wp","href":"https:\/\/api.w.org\/{rel}","templated":true}]}}