{"id":8315,"date":"2019-10-24T08:01:40","date_gmt":"2019-10-24T14:01:40","guid":{"rendered":"https:\/\/gobernacionaltaverapaz.gob.gt\/?p=8315"},"modified":"2019-10-28T09:47:44","modified_gmt":"2019-10-28T15:47:44","slug":"inauguracin-de-escuela-aldea-chiquim-guaxcux","status":"publish","type":"post","link":"https:\/\/gobernacionaltaverapaz.gob.gt\/?p=8315","title":{"rendered":"Inauguraci\u00f3n de Escuela Aldea Chiquim Guaxcux"},"content":{"rendered":"<p style=\"text-align: justify;\">Se inaugur\u00f3 la Ampliaci\u00f3n de la Escuela de la Aldea Chiquim Guaxcux del municipio de Tamah\u00fa, del departamento de Alta Verapaz.<\/p>\n<p style=\"text-align: justify;\">La escuela consta de 6 aulas, construidas en 2 niveles, incluye rampas de acceso, con la cual se beneficiar\u00e1n 210 familias, dicha construcci\u00f3n tiene una meta de 384 metros cuadrados; un aporte del Consejo Departamental de Desarrollo de Q. 1, 209,786.00, un aporte municipal de Q 86,060.00, un ap<span class=\"textexposedshow\">orte comunitario de Q<\/span> <span class=\"textexposedshow\">5,000.00.<\/span><\/p>\n<p><img decoding=\"async\" loading=\"lazy\" class=\"alignnone wp-image-8317 \" src=\"https:\/\/gobernacionaltaverapaz.gob.gt\/wp-content\/uploads\/2019\/10\/002-25.jpg\" alt=\"\" width=\"350\" height=\"197\" srcset=\"https:\/\/gobernacionaltaverapaz.gob.gt\/wp-content\/uploads\/2019\/10\/002-25.jpg 900w, https:\/\/gobernacionaltaverapaz.gob.gt\/wp-content\/uploads\/2019\/10\/002-25-300x169.jpg 300w, https:\/\/gobernacionaltaverapaz.gob.gt\/wp-content\/uploads\/2019\/10\/002-25-768x432.jpg 768w\" sizes=\"(max-width: 350px) 100vw, 350px\" \/> \u00a0 \u00a0\u00a0 <img decoding=\"async\" loading=\"lazy\" class=\"alignnone wp-image-8316 \" src=\"https:\/\/gobernacionaltaverapaz.gob.gt\/wp-content\/uploads\/2019\/10\/001-26.jpg\" alt=\"\" width=\"351\" height=\"197\" srcset=\"https:\/\/gobernacionaltaverapaz.gob.gt\/wp-content\/uploads\/2019\/10\/001-26.jpg 900w, https:\/\/gobernacionaltaverapaz.gob.gt\/wp-content\/uploads\/2019\/10\/001-26-300x169.jpg 300w, https:\/\/gobernacionaltaverapaz.gob.gt\/wp-content\/uploads\/2019\/10\/001-26-768x432.jpg 768w\" sizes=\"(max-width: 351px) 100vw, 351px\" \/><\/p>\n","protected":false},"excerpt":{"rendered":"<p>La escuela consta de 6 aulas, construidas en 2 niveles, incluye rampas de acceso, con la cual se beneficiar\u00e1n 210 familias.<\/p>\n","protected":false},"author":1,"featured_media":8316,"comment_status":"closed","ping_status":"open","sticky":false,"template":"","format":"standard","meta":[],"categories":[2],"tags":[178],"_links":{"self":[{"href":"https:\/\/gobernacionaltaverapaz.gob.gt\/index.php?rest_route=\/wp\/v2\/posts\/8315"}],"collection":[{"href":"https:\/\/gobernacionaltaverapaz.gob.gt\/index.php?rest_route=\/wp\/v2\/posts"}],"about":[{"href":"https:\/\/gobernacionaltaverapaz.gob.gt\/index.php?rest_route=\/wp\/v2\/types\/post"}],"author":[{"embeddable":true,"href":"https:\/\/gobernacionaltaverapaz.gob.gt\/index.php?rest_route=\/wp\/v2\/users\/1"}],"replies":[{"embeddable":true,"href":"https:\/\/gobernacionaltaverapaz.gob.gt\/index.php?rest_route=%2Fwp%2Fv2%2Fcomments&post=8315"}],"version-history":[{"count":5,"href":"https:\/\/gobernacionaltaverapaz.gob.gt\/index.php?rest_route=\/wp\/v2\/posts\/8315\/revisions"}],"predecessor-version":[{"id":8322,"href":"https:\/\/gobernacionaltaverapaz.gob.gt\/index.php?rest_route=\/wp\/v2\/posts\/8315\/revisions\/8322"}],"wp:featuredmedia":[{"embeddable":true,"href":"https:\/\/gobernacionaltaverapaz.gob.gt\/index.php?rest_route=\/wp\/v2\/media\/8316"}],"wp:attachment":[{"href":"https:\/\/gobernacionaltaverapaz.gob.gt\/index.php?rest_route=%2Fwp%2Fv2%2Fmedia&parent=8315"}],"wp:term":[{"taxonomy":"category","embeddable":true,"href":"https:\/\/gobernacionaltaverapaz.gob.gt\/index.php?rest_route=%2Fwp%2Fv2%2Fcategories&post=8315"},{"taxonomy":"post_tag","embeddable":true,"href":"https:\/\/gobernacionaltaverapaz.gob.gt\/index.php?rest_route=%2Fwp%2Fv2%2Ftags&post=8315"}],"curies":[{"name":"wp","href":"https:\/\/api.w.org\/{rel}","templated":true}]}}