{"id":8323,"date":"2019-10-24T13:55:19","date_gmt":"2019-10-24T19:55:19","guid":{"rendered":"https:\/\/gobernacionaltaverapaz.gob.gt\/?p=8323"},"modified":"2019-10-28T09:54:35","modified_gmt":"2019-10-28T15:54:35","slug":"coordinadora-institucional-de-promocin-por-los-derechos-de-la-niez-ciprodeni","status":"publish","type":"post","link":"https:\/\/gobernacionaltaverapaz.gob.gt\/?p=8323","title":{"rendered":"Coordinadora Institucional de Promoci\u00f3n por los Derechos de la Ni\u00f1ez -CIPRODENI-"},"content":{"rendered":"<p style=\"text-align: justify;\">El M.A. Erik Nolberto Guerrero Mili\u00e1n, recibi\u00f3 en el sal\u00f3n de sesiones del Palacio de la Gobernaci\u00f3n Departamental de Alta Verapaz, a personeros de CIPRODENI, con el objeto de establecer acciones a nivel departamental para fortalecer la promoci\u00f3n de los derechos de la ni\u00f1ez.<\/p>\n<p style=\"text-align: justify;\">Es esta reuni\u00f3n se evaluaron los avances del tema, as\u00ed como las limitantes que se han tenido en las <span class=\"textexposedshow\">comisiones municipales, as\u00ed mismo se propuso realizar un evento que permita la integraci\u00f3n de las instituciones relacionadas a dicha tem\u00e1tica. <\/span><\/p>\n<p><img decoding=\"async\" loading=\"lazy\" class=\"alignnone wp-image-8324 \" src=\"https:\/\/gobernacionaltaverapaz.gob.gt\/wp-content\/uploads\/2019\/10\/001-27.jpg\" alt=\"\" width=\"351\" height=\"197\" srcset=\"https:\/\/gobernacionaltaverapaz.gob.gt\/wp-content\/uploads\/2019\/10\/001-27.jpg 900w, https:\/\/gobernacionaltaverapaz.gob.gt\/wp-content\/uploads\/2019\/10\/001-27-300x169.jpg 300w, https:\/\/gobernacionaltaverapaz.gob.gt\/wp-content\/uploads\/2019\/10\/001-27-768x432.jpg 768w\" sizes=\"(max-width: 351px) 100vw, 351px\" \/>\u00a0\u00a0\u00a0\u00a0\u00a0 <img decoding=\"async\" loading=\"lazy\" class=\"alignnone wp-image-8325 \" src=\"https:\/\/gobernacionaltaverapaz.gob.gt\/wp-content\/uploads\/2019\/10\/002-26.jpg\" alt=\"\" width=\"351\" height=\"197\" srcset=\"https:\/\/gobernacionaltaverapaz.gob.gt\/wp-content\/uploads\/2019\/10\/002-26.jpg 900w, https:\/\/gobernacionaltaverapaz.gob.gt\/wp-content\/uploads\/2019\/10\/002-26-300x169.jpg 300w, https:\/\/gobernacionaltaverapaz.gob.gt\/wp-content\/uploads\/2019\/10\/002-26-768x432.jpg 768w\" sizes=\"(max-width: 351px) 100vw, 351px\" \/><\/p>\n","protected":false},"excerpt":{"rendered":"<p>Con el objeto de establecer acciones a nivel departamental para fortalecer la promoci\u00f3n de los derechos de la ni\u00f1ez.<\/p>\n","protected":false},"author":1,"featured_media":8324,"comment_status":"closed","ping_status":"open","sticky":false,"template":"","format":"standard","meta":[],"categories":[191],"tags":[178],"_links":{"self":[{"href":"https:\/\/gobernacionaltaverapaz.gob.gt\/index.php?rest_route=\/wp\/v2\/posts\/8323"}],"collection":[{"href":"https:\/\/gobernacionaltaverapaz.gob.gt\/index.php?rest_route=\/wp\/v2\/posts"}],"about":[{"href":"https:\/\/gobernacionaltaverapaz.gob.gt\/index.php?rest_route=\/wp\/v2\/types\/post"}],"author":[{"embeddable":true,"href":"https:\/\/gobernacionaltaverapaz.gob.gt\/index.php?rest_route=\/wp\/v2\/users\/1"}],"replies":[{"embeddable":true,"href":"https:\/\/gobernacionaltaverapaz.gob.gt\/index.php?rest_route=%2Fwp%2Fv2%2Fcomments&post=8323"}],"version-history":[{"count":1,"href":"https:\/\/gobernacionaltaverapaz.gob.gt\/index.php?rest_route=\/wp\/v2\/posts\/8323\/revisions"}],"predecessor-version":[{"id":8326,"href":"https:\/\/gobernacionaltaverapaz.gob.gt\/index.php?rest_route=\/wp\/v2\/posts\/8323\/revisions\/8326"}],"wp:featuredmedia":[{"embeddable":true,"href":"https:\/\/gobernacionaltaverapaz.gob.gt\/index.php?rest_route=\/wp\/v2\/media\/8324"}],"wp:attachment":[{"href":"https:\/\/gobernacionaltaverapaz.gob.gt\/index.php?rest_route=%2Fwp%2Fv2%2Fmedia&parent=8323"}],"wp:term":[{"taxonomy":"category","embeddable":true,"href":"https:\/\/gobernacionaltaverapaz.gob.gt\/index.php?rest_route=%2Fwp%2Fv2%2Fcategories&post=8323"},{"taxonomy":"post_tag","embeddable":true,"href":"https:\/\/gobernacionaltaverapaz.gob.gt\/index.php?rest_route=%2Fwp%2Fv2%2Ftags&post=8323"}],"curies":[{"name":"wp","href":"https:\/\/api.w.org\/{rel}","templated":true}]}}