{"id":8327,"date":"2019-10-25T10:46:52","date_gmt":"2019-10-25T16:46:52","guid":{"rendered":"https:\/\/gobernacionaltaverapaz.gob.gt\/?p=8327"},"modified":"2019-10-28T11:35:21","modified_gmt":"2019-10-28T17:35:21","slug":"asociacin-de-jvenes-becarios-del-departamento-de-estado-ajede","status":"publish","type":"post","link":"https:\/\/gobernacionaltaverapaz.gob.gt\/?p=8327","title":{"rendered":"Asociaci\u00f3n de J\u00f3venes Ex Becarios del Departamento de Estado -AJEDE-"},"content":{"rendered":"<p style=\"text-align: justify;\">En el Sal\u00f3n las Am\u00e9ricas del Palacio de la Gobernaci\u00f3n Departamental de Alta Verapaz, el Se\u00f1or Gobernador M.A. Erik Nolberto Guerrero Mili\u00e1n particip\u00f3 en la presentaci\u00f3n de proyectos realizados en el Museo Hist\u00f3rico de Alta Verapaz &#8211; MUSEAV- durante la ceremonia de clausura de 16 j\u00f3venes practicantes del programa Service Learning English Usage Alumni Engagement Leadership SEAL tourism de AJEDE.<\/p>\n<p style=\"text-align: justify;\">Los proyectos realizados en el Museo Hist\u00f3rico de Alta Verapaz &#8211; MUSEAV- consistieron en: pintar, reparar, limpiar, inventariar, codificar, organizar y rotular los objetos en Idioma Ingl\u00e9s, Q`eqchi y Espa\u00f1ol del Museo, adem\u00e1s crearon una p\u00e1gina de Facebook para publicar actividades realizadas referentes al mismo.<\/p>\n<p style=\"text-align: justify;\">En la actividad tambi\u00e9n estuvieron presentes los docentes de AJEDE y la encargada del Museo Sra. Brenda Orellana Ruiz.<\/p>\n<div><\/div>\n","protected":false},"excerpt":{"rendered":"<p>Los proyectos realizados en el Museo Hist\u00f3rico de Alta Verapaz &#8211; MUSEAV- consistieron en: pintar, reparar, limpiar, inventariar, codificar, organizar y rotular los objetos en Idioma Ingl\u00e9s, Q`eqchi y Espa\u00f1ol del Museo, adem\u00e1s crearon una p\u00e1gina de Facebook para publicar actividades realizadas referentes al mismo.<\/p>\n","protected":false},"author":1,"featured_media":8333,"comment_status":"closed","ping_status":"open","sticky":false,"template":"","format":"gallery","meta":[],"categories":[2],"tags":[178],"_links":{"self":[{"href":"https:\/\/gobernacionaltaverapaz.gob.gt\/index.php?rest_route=\/wp\/v2\/posts\/8327"}],"collection":[{"href":"https:\/\/gobernacionaltaverapaz.gob.gt\/index.php?rest_route=\/wp\/v2\/posts"}],"about":[{"href":"https:\/\/gobernacionaltaverapaz.gob.gt\/index.php?rest_route=\/wp\/v2\/types\/post"}],"author":[{"embeddable":true,"href":"https:\/\/gobernacionaltaverapaz.gob.gt\/index.php?rest_route=\/wp\/v2\/users\/1"}],"replies":[{"embeddable":true,"href":"https:\/\/gobernacionaltaverapaz.gob.gt\/index.php?rest_route=%2Fwp%2Fv2%2Fcomments&post=8327"}],"version-history":[{"count":3,"href":"https:\/\/gobernacionaltaverapaz.gob.gt\/index.php?rest_route=\/wp\/v2\/posts\/8327\/revisions"}],"predecessor-version":[{"id":8338,"href":"https:\/\/gobernacionaltaverapaz.gob.gt\/index.php?rest_route=\/wp\/v2\/posts\/8327\/revisions\/8338"}],"wp:featuredmedia":[{"embeddable":true,"href":"https:\/\/gobernacionaltaverapaz.gob.gt\/index.php?rest_route=\/wp\/v2\/media\/8333"}],"wp:attachment":[{"href":"https:\/\/gobernacionaltaverapaz.gob.gt\/index.php?rest_route=%2Fwp%2Fv2%2Fmedia&parent=8327"}],"wp:term":[{"taxonomy":"category","embeddable":true,"href":"https:\/\/gobernacionaltaverapaz.gob.gt\/index.php?rest_route=%2Fwp%2Fv2%2Fcategories&post=8327"},{"taxonomy":"post_tag","embeddable":true,"href":"https:\/\/gobernacionaltaverapaz.gob.gt\/index.php?rest_route=%2Fwp%2Fv2%2Ftags&post=8327"}],"curies":[{"name":"wp","href":"https:\/\/api.w.org\/{rel}","templated":true}]}}